{"id":48288,"date":"2023-08-22T13:09:55","date_gmt":"2023-08-22T16:09:55","guid":{"rendered":"https:\/\/www.anamt.org.br\/portal\/?p=48288"},"modified":"2023-08-22T13:09:55","modified_gmt":"2023-08-22T16:09:55","slug":"20o-congresso-anamt-lancamento-do-aplicativo","status":"publish","type":"post","link":"https:\/\/www.anamt.org.br\/portal\/2023\/08\/22\/20o-congresso-anamt-lancamento-do-aplicativo\/","title":{"rendered":"20\u00ba Congresso ANAMT: Lan\u00e7amento do aplicativo"},"content":{"rendered":"<p><img decoding=\"async\" class=\"aligncenter wp-image-48289 size-fusion-600\" src=\"https:\/\/www.anamt.org.br\/portal\/wp-content\/uploads\/2023\/08\/WhatsApp-Image-2023-08-10-at-17.49.44-600x600.jpeg\" alt=\"\" width=\"600\" height=\"600\" srcset=\"https:\/\/www.anamt.org.br\/portal\/wp-content\/uploads\/2023\/08\/WhatsApp-Image-2023-08-10-at-17.49.44-66x66.jpeg 66w, https:\/\/www.anamt.org.br\/portal\/wp-content\/uploads\/2023\/08\/WhatsApp-Image-2023-08-10-at-17.49.44-150x150.jpeg 150w, https:\/\/www.anamt.org.br\/portal\/wp-content\/uploads\/2023\/08\/WhatsApp-Image-2023-08-10-at-17.49.44-200x200.jpeg 200w, https:\/\/www.anamt.org.br\/portal\/wp-content\/uploads\/2023\/08\/WhatsApp-Image-2023-08-10-at-17.49.44-300x300.jpeg 300w, https:\/\/www.anamt.org.br\/portal\/wp-content\/uploads\/2023\/08\/WhatsApp-Image-2023-08-10-at-17.49.44-400x400.jpeg 400w, https:\/\/www.anamt.org.br\/portal\/wp-content\/uploads\/2023\/08\/WhatsApp-Image-2023-08-10-at-17.49.44-600x600.jpeg 600w, https:\/\/www.anamt.org.br\/portal\/wp-content\/uploads\/2023\/08\/WhatsApp-Image-2023-08-10-at-17.49.44-768x768.jpeg 768w, https:\/\/www.anamt.org.br\/portal\/wp-content\/uploads\/2023\/08\/WhatsApp-Image-2023-08-10-at-17.49.44-800x800.jpeg 800w, https:\/\/www.anamt.org.br\/portal\/wp-content\/uploads\/2023\/08\/WhatsApp-Image-2023-08-10-at-17.49.44-1024x1024.jpeg 1024w, https:\/\/www.anamt.org.br\/portal\/wp-content\/uploads\/2023\/08\/WhatsApp-Image-2023-08-10-at-17.49.44.jpeg 1081w\" sizes=\"(max-width: 600px) 100vw, 600px\" \/><\/p>\n<p>A ANAMT divulgou, nesta segunda-feira (21), o lan\u00e7amento do aplicativo do <strong><a href=\"https:\/\/congresso2023.anamt.org.br\/\" target=\"_blank\" rel=\"noopener\">20\u00ba Congresso Nacional da Associa\u00e7\u00e3o<\/a><\/strong>. Nele, o usu\u00e1rio tem acesso as principais informa\u00e7\u00f5es do evento, como: A programa\u00e7\u00e3o completa, os detalhes de cada palestrante, os patrocinadores, o mapa e uma linha do tempo com as \u00faltimas publica\u00e7\u00f5es. Al\u00e9m disso, h\u00e1 a op\u00e7\u00e3o de avaliar cada palestra e o evento, de modo geral. Tudo isso atrav\u00e9s de um simples cadastro.<\/p>\n<p>O Congresso acontecer\u00e1 entre os dias 22 e 25 de novembro na cidade de Porto Alegre, Rio Grande de Sul. O foco central \u00e9 O Crescimento da Medicina do Trabalho desde os Ensinamentos de Ramazzini em 1700 at\u00e9 a Ind\u00fastria 5.0. O aplicativo est\u00e1 dispon\u00edvel na <strong><a href=\"https:\/\/apps.apple.com\/br\/app\/anamt-2023\/id1458030688\" target=\"_blank\" rel=\"noopener\">Apple Store<\/a><\/strong> e <a href=\"https:\/\/play.google.com\/store\/apps\/details?id=br.com.makadu.makaduevento.anamt\" target=\"_blank\" rel=\"noopener\"><strong>Google Play<\/strong><\/a>. Baixe a ferramenta e acompanhe as principais novidades do evento.<\/p>\n","protected":false},"excerpt":{"rendered":"<p>A ANAMT divulgou, nesta segunda-feira (21), o lan\u00e7amento do aplicativo do 20\u00ba Congresso Nacional da Associa\u00e7\u00e3o. Nele, o usu\u00e1rio tem acesso as principais informa\u00e7\u00f5es do evento, como: A programa\u00e7\u00e3o completa, os detalhes de cada palestrante, os patrocinadores, o mapa e uma linha do tempo com as \u00faltimas publica\u00e7\u00f5es. Al\u00e9m disso, h\u00e1 a op\u00e7\u00e3o de avaliar [&hellip;]<\/p>\n","protected":false},"author":5,"featured_media":47996,"comment_status":"closed","ping_status":"closed","sticky":false,"template":"","format":"standard","meta":{"footnotes":""},"categories":[77,8],"tags":[],"_links":{"self":[{"href":"https:\/\/www.anamt.org.br\/portal\/wp-json\/wp\/v2\/posts\/48288"}],"collection":[{"href":"https:\/\/www.anamt.org.br\/portal\/wp-json\/wp\/v2\/posts"}],"about":[{"href":"https:\/\/www.anamt.org.br\/portal\/wp-json\/wp\/v2\/types\/post"}],"author":[{"embeddable":true,"href":"https:\/\/www.anamt.org.br\/portal\/wp-json\/wp\/v2\/users\/5"}],"replies":[{"embeddable":true,"href":"https:\/\/www.anamt.org.br\/portal\/wp-json\/wp\/v2\/comments?post=48288"}],"version-history":[{"count":1,"href":"https:\/\/www.anamt.org.br\/portal\/wp-json\/wp\/v2\/posts\/48288\/revisions"}],"predecessor-version":[{"id":48290,"href":"https:\/\/www.anamt.org.br\/portal\/wp-json\/wp\/v2\/posts\/48288\/revisions\/48290"}],"wp:featuredmedia":[{"embeddable":true,"href":"https:\/\/www.anamt.org.br\/portal\/wp-json\/wp\/v2\/media\/47996"}],"wp:attachment":[{"href":"https:\/\/www.anamt.org.br\/portal\/wp-json\/wp\/v2\/media?parent=48288"}],"wp:term":[{"taxonomy":"category","embeddable":true,"href":"https:\/\/www.anamt.org.br\/portal\/wp-json\/wp\/v2\/categories?post=48288"},{"taxonomy":"post_tag","embeddable":true,"href":"https:\/\/www.anamt.org.br\/portal\/wp-json\/wp\/v2\/tags?post=48288"}],"curies":[{"name":"wp","href":"https:\/\/api.w.org\/{rel}","templated":true}]}}