{"id":48259,"date":"2023-08-18T15:01:06","date_gmt":"2023-08-18T18:01:06","guid":{"rendered":"https:\/\/www.anamt.org.br\/portal\/?p=48259"},"modified":"2024-05-16T15:34:28","modified_gmt":"2024-05-16T18:34:28","slug":"internacional-smtba-realiza-27o-jornadas-de-salud-ocupacional","status":"publish","type":"post","link":"https:\/\/www.anamt.org.br\/portal\/2023\/08\/18\/internacional-smtba-realiza-27o-jornadas-de-salud-ocupacional\/","title":{"rendered":"Internacional: SMTBA realiza 27\u00ba Jornadas de Salud Ocupacional"},"content":{"rendered":"<p>A Sociedad de Medicina Del Trabajo de la Provincia de Buenos Aires realizar\u00e1, nos dias 18 e 19 de setembro, o evento 27\u00ba Jornadas de Salud Ocupacional, cujo tema \u00e9 Por una Salud Ocupacional federal e integrada en la Republica Argentina.<\/p>\n<p>Mais informa\u00e7\u00f5es sobre o evento, no site da entidade: <a href=\"http:\/\/www.smtba.org.ar\" target=\"_blank\" rel=\"noopener\">www.smtba.org.ar<\/a><\/p>\n<p><img decoding=\"async\" class=\"aligncenter wp-image-48261 size-fusion-600\" src=\"https:\/\/www.anamt.org.br\/portal\/wp-content\/uploads\/2023\/08\/image005-600x600.jpg\" alt=\"\" width=\"600\" height=\"600\" srcset=\"https:\/\/www.anamt.org.br\/portal\/wp-content\/uploads\/2023\/08\/image005-66x66.jpg 66w, https:\/\/www.anamt.org.br\/portal\/wp-content\/uploads\/2023\/08\/image005-150x150.jpg 150w, https:\/\/www.anamt.org.br\/portal\/wp-content\/uploads\/2023\/08\/image005-200x200.jpg 200w, https:\/\/www.anamt.org.br\/portal\/wp-content\/uploads\/2023\/08\/image005-300x300.jpg 300w, https:\/\/www.anamt.org.br\/portal\/wp-content\/uploads\/2023\/08\/image005-400x400.jpg 400w, https:\/\/www.anamt.org.br\/portal\/wp-content\/uploads\/2023\/08\/image005-600x600.jpg 600w, https:\/\/www.anamt.org.br\/portal\/wp-content\/uploads\/2023\/08\/image005-768x768.jpg 768w, https:\/\/www.anamt.org.br\/portal\/wp-content\/uploads\/2023\/08\/image005-800x800.jpg 800w, https:\/\/www.anamt.org.br\/portal\/wp-content\/uploads\/2023\/08\/image005-1024x1024.jpg 1024w, https:\/\/www.anamt.org.br\/portal\/wp-content\/uploads\/2023\/08\/image005.jpg 1200w\" sizes=\"(max-width: 600px) 100vw, 600px\" \/><\/p>\n","protected":false},"excerpt":{"rendered":"<p>A Sociedad de Medicina Del Trabajo de la Provincia de Buenos Aires realizar\u00e1, nos dias 18 e 19 de setembro, o evento 27\u00ba Jornadas de Salud Ocupacional, cujo tema \u00e9 Por una Salud Ocupacional federal e integrada en la Republica Argentina. Mais informa\u00e7\u00f5es sobre o evento, no site da entidade: www.smtba.org.ar<\/p>\n","protected":false},"author":5,"featured_media":48260,"comment_status":"closed","ping_status":"closed","sticky":false,"template":"","format":"standard","meta":{"footnotes":""},"categories":[78,189,77],"tags":[],"_links":{"self":[{"href":"https:\/\/www.anamt.org.br\/portal\/wp-json\/wp\/v2\/posts\/48259"}],"collection":[{"href":"https:\/\/www.anamt.org.br\/portal\/wp-json\/wp\/v2\/posts"}],"about":[{"href":"https:\/\/www.anamt.org.br\/portal\/wp-json\/wp\/v2\/types\/post"}],"author":[{"embeddable":true,"href":"https:\/\/www.anamt.org.br\/portal\/wp-json\/wp\/v2\/users\/5"}],"replies":[{"embeddable":true,"href":"https:\/\/www.anamt.org.br\/portal\/wp-json\/wp\/v2\/comments?post=48259"}],"version-history":[{"count":2,"href":"https:\/\/www.anamt.org.br\/portal\/wp-json\/wp\/v2\/posts\/48259\/revisions"}],"predecessor-version":[{"id":48263,"href":"https:\/\/www.anamt.org.br\/portal\/wp-json\/wp\/v2\/posts\/48259\/revisions\/48263"}],"wp:featuredmedia":[{"embeddable":true,"href":"https:\/\/www.anamt.org.br\/portal\/wp-json\/wp\/v2\/media\/48260"}],"wp:attachment":[{"href":"https:\/\/www.anamt.org.br\/portal\/wp-json\/wp\/v2\/media?parent=48259"}],"wp:term":[{"taxonomy":"category","embeddable":true,"href":"https:\/\/www.anamt.org.br\/portal\/wp-json\/wp\/v2\/categories?post=48259"},{"taxonomy":"post_tag","embeddable":true,"href":"https:\/\/www.anamt.org.br\/portal\/wp-json\/wp\/v2\/tags?post=48259"}],"curies":[{"name":"wp","href":"https:\/\/api.w.org\/{rel}","templated":true}]}}