{"id":48028,"date":"2023-08-15T12:18:42","date_gmt":"2023-08-15T15:18:42","guid":{"rendered":"https:\/\/www.anamt.org.br\/portal\/?p=48028"},"modified":"2023-11-01T15:29:44","modified_gmt":"2023-11-01T18:29:44","slug":"20o-congresso-anamt-veja-as-materias-publicadas-sobre-o-evento","status":"publish","type":"post","link":"https:\/\/www.anamt.org.br\/portal\/2023\/08\/15\/20o-congresso-anamt-veja-as-materias-publicadas-sobre-o-evento\/","title":{"rendered":"20\u00ba Congresso ANAMT: veja as mat\u00e9rias publicadas sobre o evento"},"content":{"rendered":"<p>Entre os dias 22 e novembro, a ANAMT realizar\u00e1 o 20\u00ba Congresso Nacional ANAMT. O evento, que ocorrer\u00e1 em Porto Alegre (RS), ter\u00e1 como tema central O Crescimento da Medicina do Trabalho desde os Ensinamentos de Ramazzini em 1700 at\u00e9 a Ind\u00fastria 5.0.<\/p>\n<p>As inscri\u00e7\u00f5es est\u00e3o dispon\u00edveis no <a href=\"https:\/\/congresso2023.anamt.org.br\/\" target=\"_blank\" rel=\"noopener\"><strong>site do evento<\/strong><\/a>.<\/p>\n<p>Confira a seguir as not\u00edcias publicadas sobre o Congresso:<\/p>\n<p><a href=\"https:\/\/www.anamt.org.br\/portal\/2023\/11\/01\/20o-congresso-nacional-anamt-passeios-turisticos-em-porto-alegre\/\" target=\"_blank\" rel=\"noopener\"><strong>20\u00ba Congresso Nacional ANAMT: Passeios tur\u00edsticos em Porto Alegre<\/strong><\/a><\/p>\n<p><a href=\"https:\/\/www.anamt.org.br\/portal\/2023\/08\/22\/20o-congresso-anamt-lancamento-do-aplicativo\/\" target=\"_blank\" rel=\"noopener\"><strong>20\u00ba Congresso ANAMT: Lan\u00e7amento do aplicativo<\/strong><\/a><\/p>\n<p><a href=\"https:\/\/www.anamt.org.br\/portal\/2023\/08\/01\/20o-congresso-nacional-anamt-programacao-esta-disponivel\/\" target=\"_blank\" rel=\"noopener\"><strong>20\u00ba Congresso Nacional ANAMT: programa\u00e7\u00e3o est\u00e1 dispon\u00edvel<\/strong><\/a><\/p>\n<p><a href=\"https:\/\/www.anamt.org.br\/portal\/2023\/07\/20\/20o-congresso-nacional-anamt-envie-o-resumo-do-seu-trabalho-cientifico-ate-20-de-setembro\/\" target=\"_blank\" rel=\"noopener\"><strong>20\u00ba Congresso Nacional ANAMT: envie o resumo do seu trabalho cient\u00edfico at\u00e9 20 de setembro<\/strong><\/a><\/p>\n<p><a href=\"https:\/\/www.anamt.org.br\/portal\/2023\/07\/10\/20o-congresso-anamt-presidente-da-entidade-se-reune-com-governador-do-rio-grande-do-sul\/\" target=\"_blank\" rel=\"noopener\"><strong>20\u00ba Congresso ANAMT: presidente da entidade se re\u00fane com governador do Rio Grande do Sul<\/strong><\/a><\/p>\n<p><a href=\"https:\/\/www.anamt.org.br\/portal\/2023\/07\/05\/20o-congresso-nacional-anamt-especialistas-convidam-para-o-evento\/\" target=\"_blank\" rel=\"noopener\"><strong>20\u00ba Congresso Nacional ANAMT: especialistas convidam para o evento<\/strong><\/a><\/p>\n","protected":false},"excerpt":{"rendered":"<p>Entre os dias 22 e novembro, a ANAMT realizar\u00e1 o 20\u00ba Congresso Nacional ANAMT. O evento, que ocorrer\u00e1 em Porto Alegre (RS), ter\u00e1 como tema central O Crescimento da Medicina do Trabalho desde os Ensinamentos de Ramazzini em 1700 at\u00e9 a Ind\u00fastria 5.0. As inscri\u00e7\u00f5es est\u00e3o dispon\u00edveis no site do evento. Confira a seguir as [&hellip;]<\/p>\n","protected":false},"author":5,"featured_media":47996,"comment_status":"closed","ping_status":"closed","sticky":false,"template":"","format":"standard","meta":{"footnotes":""},"categories":[77,8],"tags":[],"_links":{"self":[{"href":"https:\/\/www.anamt.org.br\/portal\/wp-json\/wp\/v2\/posts\/48028"}],"collection":[{"href":"https:\/\/www.anamt.org.br\/portal\/wp-json\/wp\/v2\/posts"}],"about":[{"href":"https:\/\/www.anamt.org.br\/portal\/wp-json\/wp\/v2\/types\/post"}],"author":[{"embeddable":true,"href":"https:\/\/www.anamt.org.br\/portal\/wp-json\/wp\/v2\/users\/5"}],"replies":[{"embeddable":true,"href":"https:\/\/www.anamt.org.br\/portal\/wp-json\/wp\/v2\/comments?post=48028"}],"version-history":[{"count":2,"href":"https:\/\/www.anamt.org.br\/portal\/wp-json\/wp\/v2\/posts\/48028\/revisions"}],"predecessor-version":[{"id":48500,"href":"https:\/\/www.anamt.org.br\/portal\/wp-json\/wp\/v2\/posts\/48028\/revisions\/48500"}],"wp:featuredmedia":[{"embeddable":true,"href":"https:\/\/www.anamt.org.br\/portal\/wp-json\/wp\/v2\/media\/47996"}],"wp:attachment":[{"href":"https:\/\/www.anamt.org.br\/portal\/wp-json\/wp\/v2\/media?parent=48028"}],"wp:term":[{"taxonomy":"category","embeddable":true,"href":"https:\/\/www.anamt.org.br\/portal\/wp-json\/wp\/v2\/categories?post=48028"},{"taxonomy":"post_tag","embeddable":true,"href":"https:\/\/www.anamt.org.br\/portal\/wp-json\/wp\/v2\/tags?post=48028"}],"curies":[{"name":"wp","href":"https:\/\/api.w.org\/{rel}","templated":true}]}}