{"id":47945,"date":"2022-10-13T11:25:27","date_gmt":"2022-10-13T14:25:27","guid":{"rendered":"https:\/\/www.anamt.org.br\/portal\/?p=46117"},"modified":"2022-10-13T11:25:27","modified_gmt":"2022-10-13T14:25:27","slug":"espasticidade-e-o-protagonismo-do-medico-do-trabalho-e-tema-de-webinario-da-anamt","status":"publish","type":"post","link":"https:\/\/www.anamt.org.br\/portal\/2022\/10\/13\/espasticidade-e-o-protagonismo-do-medico-do-trabalho-e-tema-de-webinario-da-anamt\/","title":{"rendered":"Espasticidade e o Protagonismo do M\u00e9dico do Trabalho \u00e9 tema de webin\u00e1rio da ANAMT"},"content":{"rendered":"<p>No dia 18 de outubro, \u00e0s 20h, ser\u00e1 realizada uma nova edi\u00e7\u00e3o do Webin\u00e1rios ANAMT, sobre Espasticidade e o Protagonismo do M\u00e9dico do Trabalho, com apresenta\u00e7\u00e3o do Diretor Cient\u00edfico da ANAMT, Dr. Francisco Fernandes.<br \/>\nA palestra ser\u00e1 ministrada por Dr. Eduardo de Melo Carvalho, m\u00e9dico fisiatra e Presidente da ABMFR. Essa edi\u00e7\u00e3o \u00e9 patrocinada por Abbvie. A transmiss\u00e3o ocorrer\u00e1 na plataforma <a href=\"https:\/\/anamt.virtual.org.br\/\" target=\"_blank\" rel=\"noopener\">ANAMT Virtual<\/a> e no <a href=\"https:\/\/www.youtube.com\/anamt_brasil\" target=\"_blank\" rel=\"noopener\">canal da ANAMT<\/a> no YouTube.<\/p>\n<p><img decoding=\"async\" class=\" wp-image-46127 aligncenter\" src=\"https:\/\/www.anamt.org.br\/portal\/wp-content\/uploads\/2022\/10\/FEED_ANAMT_Q_04D-300x300.jpg\" alt=\"\" width=\"407\" height=\"407\" \/><\/p>\n","protected":false},"excerpt":{"rendered":"<p>No dia 18 de outubro, \u00e0s 20h, ser\u00e1 realizada uma nova edi\u00e7\u00e3o do Webin\u00e1rios ANAMT, sobre Espasticidade e o Protagonismo do M\u00e9dico do Trabalho, com apresenta\u00e7\u00e3o do Diretor Cient\u00edfico da ANAMT, Dr. Francisco Fernandes. A palestra ser\u00e1 ministrada por Dr. Eduardo de Melo Carvalho, m\u00e9dico fisiatra e Presidente da ABMFR. Essa edi\u00e7\u00e3o \u00e9 patrocinada por [&hellip;]<\/p>\n","protected":false},"author":1,"featured_media":0,"comment_status":"closed","ping_status":"closed","sticky":false,"template":"","format":"standard","meta":{"footnotes":""},"categories":[77],"tags":[],"_links":{"self":[{"href":"https:\/\/www.anamt.org.br\/portal\/wp-json\/wp\/v2\/posts\/47945"}],"collection":[{"href":"https:\/\/www.anamt.org.br\/portal\/wp-json\/wp\/v2\/posts"}],"about":[{"href":"https:\/\/www.anamt.org.br\/portal\/wp-json\/wp\/v2\/types\/post"}],"author":[{"embeddable":true,"href":"https:\/\/www.anamt.org.br\/portal\/wp-json\/wp\/v2\/users\/1"}],"replies":[{"embeddable":true,"href":"https:\/\/www.anamt.org.br\/portal\/wp-json\/wp\/v2\/comments?post=47945"}],"version-history":[{"count":0,"href":"https:\/\/www.anamt.org.br\/portal\/wp-json\/wp\/v2\/posts\/47945\/revisions"}],"wp:attachment":[{"href":"https:\/\/www.anamt.org.br\/portal\/wp-json\/wp\/v2\/media?parent=47945"}],"wp:term":[{"taxonomy":"category","embeddable":true,"href":"https:\/\/www.anamt.org.br\/portal\/wp-json\/wp\/v2\/categories?post=47945"},{"taxonomy":"post_tag","embeddable":true,"href":"https:\/\/www.anamt.org.br\/portal\/wp-json\/wp\/v2\/tags?post=47945"}],"curies":[{"name":"wp","href":"https:\/\/api.w.org\/{rel}","templated":true}]}}