{"id":47887,"date":"2023-08-02T08:25:53","date_gmt":"2023-08-02T11:25:53","guid":{"rendered":"https:\/\/www.anamt.org.br\/portal\/?p=47887"},"modified":"2023-08-09T18:32:28","modified_gmt":"2023-08-09T21:32:28","slug":"acordo-da-anamt-com-a-universidade-roma-tor-vergata-impulsionara-pesquisa-e-valorizacao-medicos-do-trabalho-brasileiros-no-exterior","status":"publish","type":"post","link":"https:\/\/www.anamt.org.br\/portal\/2023\/08\/02\/acordo-da-anamt-com-a-universidade-roma-tor-vergata-impulsionara-pesquisa-e-valorizacao-medicos-do-trabalho-brasileiros-no-exterior\/","title":{"rendered":"ANAMT fecha acordo com a Universidade Roma Tor Vergata"},"content":{"rendered":"<p>Primeiro acordo internacional firmado pela ANAMT \u00e9 mais um passo para incentivar a produ\u00e7\u00e3o acad\u00eamica, aprimorar o curr\u00edculo e valorizar os m\u00e9dicos do trabalho brasileiros no exterior. Alinhavando entendimentos desde o ano passado, a Associa\u00e7\u00e3o firmou parceria com a Universidade Roma Tor Vergata, terceira maior universidade da capital italiana, fundada em 1982. Entre os cursos de gradua\u00e7\u00e3o e p\u00f3s-gradua\u00e7\u00e3o oferecidos, destaca-se o de Medicina e Cirurgia.<\/p>\n<p>Para o presidente da ANAMT, Dr. Francisco Cortes Fernandes, e para a diretora cient\u00edfica da institui\u00e7\u00e3o, Dra. Rosylane Rocha, o acordo \u00e9 importante conquista para os associados da entidade. A parceria envolve interc\u00e2mbio de est\u00e1gios e pesquisas, realiza\u00e7\u00f5es de eventos e outras agendas acad\u00eamicas, que estar\u00e3o dispon\u00edveis apenas para os associados.<\/p>\n<p>Segundo Dra. Rosylane Rocha, a parceria \u00e9 mais um passo para o aprimoramento na forma\u00e7\u00e3o dos m\u00e9dicos do trabalho brasileiros no campo internacional. \u201cO acordo torna poss\u00edvel a troca de experi\u00eancia e grande aprendizado, al\u00e9m de colocar em evid\u00eancia os m\u00e9dicos do trabalho do Brasil\u201d, destacou.<br \/>\nO prop\u00f3sito de firmar um interc\u00e2mbio internacional nasceu na diretoria da ANAMT, conforme explicou a diretora cient\u00edfica. A partir desse entendimento, foram dados os primeiros passos para levar a ANAMT em busca de atividades conjuntas com universidades no exterior.<\/p>\n<p>\u201cEm janeiro de 2022, realizamos visitas a institui\u00e7\u00f5es de importante refer\u00eancia para medicina do trabalho. Na Universidade Roma Tor Vergata fizemos tr\u00eas palestras para professores e alunos, com \u00f3tima repercuss\u00e3o. Essa \u00e9 a primeira parceria e isso coloca a ANAMT em posi\u00e7\u00e3o de destaque e refer\u00eancia no campo internacional\u201d, pontuou a diretora cient\u00edfica. \u201cE ainda estamos em contato para finalizar outros conv\u00eanios\u201d, complementou Dra. Rosylane.<\/p>\n<p>De acordo com Dr. Francisco, a parceria est\u00e1 em fase de implementa\u00e7\u00e3o e seu funcionamento poder\u00e1 ser conhecido com mais detalhes em um webin\u00e1rio que est\u00e1 sendo organizado pela ANAMT com a participa\u00e7\u00e3o de professores da universidade italiana. O webin\u00e1rio \u00e9 sempre transmitido pela plataforma <a href=\"https:\/\/anamt.virtual.org.br\/\" target=\"_blank\" rel=\"noopener\">ANAMT Virtual<\/a>, com acesso no pr\u00f3prio portal da Associa\u00e7\u00e3o.<\/p>\n<p>Na ocasi\u00e3o, os professores explicar\u00e3o as \u00e1reas de expertise da institui\u00e7\u00e3o e onde os m\u00e9dicos brasileiros poder\u00e3o atuar no per\u00edodo que estiverem na universidade italiana\u201d, adiantou Dr. Francisco. Segundo explicou, outras atividades j\u00e1 v\u00eam sendo desenvolvidas em parceria com a Tor Vergata, como a participa\u00e7\u00e3o do Dr. Bruno Picolli no semin\u00e1rio internacional da ANAMT.<\/p>\n<p>Para os associados interessados, a primeira provid\u00eancia \u00e9 encaminhar o Curr\u00edculo Vitae (CV) e projeto para a ANAMT, que discutir\u00e1 a proposta junto \u00e0 universidade italiana, como adiantou o Dr. Francisco Fernandes. \u201cOutros detalhes ser\u00e3o anunciados em breve\u201d, completou o presidente da Associa\u00e7\u00e3o.<\/p>\n","protected":false},"excerpt":{"rendered":"<p>Primeiro acordo internacional firmado pela ANAMT \u00e9 mais um passo para incentivar a produ\u00e7\u00e3o acad\u00eamica, aprimorar o curr\u00edculo e valorizar os m\u00e9dicos do trabalho brasileiros no exterior. Alinhavando entendimentos desde o ano passado, a Associa\u00e7\u00e3o firmou parceria com a Universidade Roma Tor Vergata, terceira maior universidade da capital italiana, fundada em 1982. Entre os cursos [&hellip;]<\/p>\n","protected":false},"author":1,"featured_media":47992,"comment_status":"closed","ping_status":"closed","sticky":false,"template":"","format":"standard","meta":{"footnotes":""},"categories":[77],"tags":[],"_links":{"self":[{"href":"https:\/\/www.anamt.org.br\/portal\/wp-json\/wp\/v2\/posts\/47887"}],"collection":[{"href":"https:\/\/www.anamt.org.br\/portal\/wp-json\/wp\/v2\/posts"}],"about":[{"href":"https:\/\/www.anamt.org.br\/portal\/wp-json\/wp\/v2\/types\/post"}],"author":[{"embeddable":true,"href":"https:\/\/www.anamt.org.br\/portal\/wp-json\/wp\/v2\/users\/1"}],"replies":[{"embeddable":true,"href":"https:\/\/www.anamt.org.br\/portal\/wp-json\/wp\/v2\/comments?post=47887"}],"version-history":[{"count":3,"href":"https:\/\/www.anamt.org.br\/portal\/wp-json\/wp\/v2\/posts\/47887\/revisions"}],"predecessor-version":[{"id":48000,"href":"https:\/\/www.anamt.org.br\/portal\/wp-json\/wp\/v2\/posts\/47887\/revisions\/48000"}],"wp:featuredmedia":[{"embeddable":true,"href":"https:\/\/www.anamt.org.br\/portal\/wp-json\/wp\/v2\/media\/47992"}],"wp:attachment":[{"href":"https:\/\/www.anamt.org.br\/portal\/wp-json\/wp\/v2\/media?parent=47887"}],"wp:term":[{"taxonomy":"category","embeddable":true,"href":"https:\/\/www.anamt.org.br\/portal\/wp-json\/wp\/v2\/categories?post=47887"},{"taxonomy":"post_tag","embeddable":true,"href":"https:\/\/www.anamt.org.br\/portal\/wp-json\/wp\/v2\/tags?post=47887"}],"curies":[{"name":"wp","href":"https:\/\/api.w.org\/{rel}","templated":true}]}}