{"id":47742,"date":"2023-06-21T13:11:54","date_gmt":"2023-06-21T16:11:54","guid":{"rendered":"https:\/\/www.anamt.org.br\/portal\/?p=47742"},"modified":"2024-05-16T15:39:03","modified_gmt":"2024-05-16T18:39:03","slug":"ministerio-da-saude-realiza-a-17a-expoepi-inscricoes-para-a-mostra-competitiva-terminam-em-13-de-julho","status":"publish","type":"post","link":"https:\/\/www.anamt.org.br\/portal\/2023\/06\/21\/ministerio-da-saude-realiza-a-17a-expoepi-inscricoes-para-a-mostra-competitiva-terminam-em-13-de-julho\/","title":{"rendered":"Minist\u00e9rio da Sa\u00fade realiza a 17\u00aa ExpoEpi: inscri\u00e7\u00f5es para a Mostra Competitiva terminam em 13 de julho"},"content":{"rendered":"<p>O Minist\u00e9rio da Sa\u00fade realiza, de 6 a 10 de novembro, em Bras\u00edlia (DF), a 17\u00aa Mostra Nacional de Experi\u00eancias Bem-Sucedidas em Epidemiologia, Preven\u00e7\u00e3o e Controle de Doen\u00e7as \u2013 17\u00aa ExpoEpi.<\/p>\n<p>A Mostra Competitiva, promovida pelo evento, vai premiar os profissionais, os servi\u00e7os de sa\u00fade e os movimentos sociais do pa\u00eds que se destacaram no desenvolvimento de a\u00e7\u00f5es de vigil\u00e2ncia em sa\u00fade importantes para a Sa\u00fade P\u00fablica. O destaque da ExpoEpi \u00e9 a epidemiologia e o objetivo do evento \u00e9 difundir temas relevantes para a consolida\u00e7\u00e3o do Sistema \u00danico de Sa\u00fade (SUS).<\/p>\n<p>As inscri\u00e7\u00f5es terminam no dia 13 de julho e ser\u00e3o aceitos temas sobre tr\u00eas modalidades: \u2018Experi\u00eancia do Servi\u00e7o de Sa\u00fade\u2019, \u2018Trabalho T\u00e9cnico-Cient\u00edfico\u2019 e \u2018Interven\u00e7\u00e3o Social\u2019.<\/p>\n<p>Informa\u00e7\u00f5es sobre o edital, com todo o regulamento, podem ser consultadas no site: <a href=\"http:\/\/expoepi.saude.gov.br\/trabalho\" target=\"_blank\" rel=\"noopener\">http:\/\/expoepi.saude.gov.br\/trabalho<\/a><\/p>\n","protected":false},"excerpt":{"rendered":"<p>O Minist\u00e9rio da Sa\u00fade realiza, de 6 a 10 de novembro, em Bras\u00edlia (DF), a 17\u00aa Mostra Nacional de Experi\u00eancias Bem-Sucedidas em Epidemiologia, Preven\u00e7\u00e3o e Controle de Doen\u00e7as \u2013 17\u00aa ExpoEpi. A Mostra Competitiva, promovida pelo evento, vai premiar os profissionais, os servi\u00e7os de sa\u00fade e os movimentos sociais do pa\u00eds que se destacaram no [&hellip;]<\/p>\n","protected":false},"author":3,"featured_media":0,"comment_status":"closed","ping_status":"closed","sticky":false,"template":"","format":"standard","meta":{"footnotes":""},"categories":[78,190],"tags":[],"_links":{"self":[{"href":"https:\/\/www.anamt.org.br\/portal\/wp-json\/wp\/v2\/posts\/47742"}],"collection":[{"href":"https:\/\/www.anamt.org.br\/portal\/wp-json\/wp\/v2\/posts"}],"about":[{"href":"https:\/\/www.anamt.org.br\/portal\/wp-json\/wp\/v2\/types\/post"}],"author":[{"embeddable":true,"href":"https:\/\/www.anamt.org.br\/portal\/wp-json\/wp\/v2\/users\/3"}],"replies":[{"embeddable":true,"href":"https:\/\/www.anamt.org.br\/portal\/wp-json\/wp\/v2\/comments?post=47742"}],"version-history":[{"count":1,"href":"https:\/\/www.anamt.org.br\/portal\/wp-json\/wp\/v2\/posts\/47742\/revisions"}],"predecessor-version":[{"id":50001,"href":"https:\/\/www.anamt.org.br\/portal\/wp-json\/wp\/v2\/posts\/47742\/revisions\/50001"}],"wp:attachment":[{"href":"https:\/\/www.anamt.org.br\/portal\/wp-json\/wp\/v2\/media?parent=47742"}],"wp:term":[{"taxonomy":"category","embeddable":true,"href":"https:\/\/www.anamt.org.br\/portal\/wp-json\/wp\/v2\/categories?post=47742"},{"taxonomy":"post_tag","embeddable":true,"href":"https:\/\/www.anamt.org.br\/portal\/wp-json\/wp\/v2\/tags?post=47742"}],"curies":[{"name":"wp","href":"https:\/\/api.w.org\/{rel}","templated":true}]}}