{"id":46794,"date":"2023-03-28T09:05:37","date_gmt":"2023-03-28T12:05:37","guid":{"rendered":"https:\/\/www.anamt.org.br\/portal\/?p=46794"},"modified":"2023-03-28T09:05:37","modified_gmt":"2023-03-28T12:05:37","slug":"imersao-em-medicina-do-trabalho-inscricoes-seguem-abertas","status":"publish","type":"post","link":"https:\/\/www.anamt.org.br\/portal\/2023\/03\/28\/imersao-em-medicina-do-trabalho-inscricoes-seguem-abertas\/","title":{"rendered":"Imers\u00e3o em Medicina do Trabalho: inscri\u00e7\u00f5es seguem abertas"},"content":{"rendered":"<p>At\u00e9 o dia 10 de maio, as inscri\u00e7\u00f5es para a Imers\u00e3o em Medicina do Trabalho continuam dispon\u00edveis. O curso abrange doze temas relevantes para a Medicina do Trabalho e as aulas, que s\u00e3o ao vivo, ficam gravadas e disponibilizadas.<\/p>\n<p>As aulas ocorrem no ANAMT Virtual e o curso pontua cinco pontos na Prova de T\u00edtulo de Especialista em Medicina do Trabalho. A pontua\u00e7\u00e3o \u00e9 v\u00e1lida para a fase curricular do exame e n\u00e3o \u00e9 v\u00e1lida para a 51\u00aa Prova de T\u00edtulo de Especialista. Os pontos s\u00e3o v\u00e1lidos para as provas posteriores.<\/p>\n<p>Confira mais sobre a Imers\u00e3o e o calend\u00e1rio de aulas <a href=\"https:\/\/www.anamt.org.br\/portal\/2023\/03\/27\/imersao-em-medicina-do-trabalho-anamt-inicia-nova-atividade-no-anamt-virtual\/\" target=\"_blank\" rel=\"noopener\"><strong>aqui<\/strong><\/a>. As inscri\u00e7\u00f5es est\u00e3o dispon\u00edveis <a href=\"https:\/\/sistemasanamt.org.br\/anamt\/inscricoeseventos\/inscricoes\/cad_inscricao.aspx?proid=100\" target=\"_blank\" rel=\"noopener\"><strong>aqui<\/strong><\/a>.<\/p>\n","protected":false},"excerpt":{"rendered":"<p>At\u00e9 o dia 10 de maio, as inscri\u00e7\u00f5es para a Imers\u00e3o em Medicina do Trabalho continuam dispon\u00edveis. O curso abrange doze temas relevantes para a Medicina do Trabalho e as aulas, que s\u00e3o ao vivo, ficam gravadas e disponibilizadas. As aulas ocorrem no ANAMT Virtual e o curso pontua cinco pontos na Prova de T\u00edtulo [&hellip;]<\/p>\n","protected":false},"author":1,"featured_media":0,"comment_status":"closed","ping_status":"closed","sticky":false,"template":"","format":"standard","meta":{"footnotes":""},"categories":[77],"tags":[],"_links":{"self":[{"href":"https:\/\/www.anamt.org.br\/portal\/wp-json\/wp\/v2\/posts\/46794"}],"collection":[{"href":"https:\/\/www.anamt.org.br\/portal\/wp-json\/wp\/v2\/posts"}],"about":[{"href":"https:\/\/www.anamt.org.br\/portal\/wp-json\/wp\/v2\/types\/post"}],"author":[{"embeddable":true,"href":"https:\/\/www.anamt.org.br\/portal\/wp-json\/wp\/v2\/users\/1"}],"replies":[{"embeddable":true,"href":"https:\/\/www.anamt.org.br\/portal\/wp-json\/wp\/v2\/comments?post=46794"}],"version-history":[{"count":0,"href":"https:\/\/www.anamt.org.br\/portal\/wp-json\/wp\/v2\/posts\/46794\/revisions"}],"wp:attachment":[{"href":"https:\/\/www.anamt.org.br\/portal\/wp-json\/wp\/v2\/media?parent=46794"}],"wp:term":[{"taxonomy":"category","embeddable":true,"href":"https:\/\/www.anamt.org.br\/portal\/wp-json\/wp\/v2\/categories?post=46794"},{"taxonomy":"post_tag","embeddable":true,"href":"https:\/\/www.anamt.org.br\/portal\/wp-json\/wp\/v2\/tags?post=46794"}],"curies":[{"name":"wp","href":"https:\/\/api.w.org\/{rel}","templated":true}]}}