{"id":46782,"date":"2023-03-22T10:02:40","date_gmt":"2023-03-22T13:02:40","guid":{"rendered":"https:\/\/www.anamt.org.br\/portal\/?p=46782"},"modified":"2023-03-22T10:02:40","modified_gmt":"2023-03-22T13:02:40","slug":"anamt-divulga-informativo-juridico-sobre-resolucao-do-cfm-que-condiciona-o-titulo-de-especialista-a-rqe","status":"publish","type":"post","link":"https:\/\/www.anamt.org.br\/portal\/2023\/03\/22\/anamt-divulga-informativo-juridico-sobre-resolucao-do-cfm-que-condiciona-o-titulo-de-especialista-a-rqe\/","title":{"rendered":"ANAMT divulga Informativo Jur\u00eddico sobre Resolu\u00e7\u00e3o do CFM que condiciona o T\u00edtulo de Especialista a RQE"},"content":{"rendered":"<p>A Associa\u00e7\u00e3o Nacional de Medicina do Trabalho (ANAMT) divulgou o <a href=\"https:\/\/www.anamt.org.br\/portal\/wp-content\/uploads\/2023\/03\/INFORMATIVO-JURIDICO-ANAMT-5.2023-PROVIMENTO-APELACAO.-RQE.pdf\" target=\"_blank\" rel=\"noopener\">Informativo Jur\u00eddico n\u00ba 5\/2023<\/a>, sobre a validade da Resolu\u00e7\u00e3o do CFM que condiciona o T\u00edtulo de Especialista em Medicina do Trabalho ao Registro de Qualifica\u00e7\u00e3o da Especialidade.<\/p>\n<p>A \u00edntegra do documento pode ser vista <a href=\"https:\/\/www.anamt.org.br\/portal\/wp-content\/uploads\/2023\/03\/INFORMATIVO-JURIDICO-ANAMT-5.2023-PROVIMENTO-APELACAO.-RQE.pdf\" target=\"_blank\" rel=\"noopener\"><strong>aqui<\/strong><\/a>.<\/p>\n","protected":false},"excerpt":{"rendered":"<p>A Associa\u00e7\u00e3o Nacional de Medicina do Trabalho (ANAMT) divulgou o Informativo Jur\u00eddico n\u00ba 5\/2023, sobre a validade da Resolu\u00e7\u00e3o do CFM que condiciona o T\u00edtulo de Especialista em Medicina do Trabalho ao Registro de Qualifica\u00e7\u00e3o da Especialidade. A \u00edntegra do documento pode ser vista aqui.<\/p>\n","protected":false},"author":1,"featured_media":0,"comment_status":"closed","ping_status":"closed","sticky":false,"template":"","format":"standard","meta":{"footnotes":""},"categories":[77],"tags":[],"_links":{"self":[{"href":"https:\/\/www.anamt.org.br\/portal\/wp-json\/wp\/v2\/posts\/46782"}],"collection":[{"href":"https:\/\/www.anamt.org.br\/portal\/wp-json\/wp\/v2\/posts"}],"about":[{"href":"https:\/\/www.anamt.org.br\/portal\/wp-json\/wp\/v2\/types\/post"}],"author":[{"embeddable":true,"href":"https:\/\/www.anamt.org.br\/portal\/wp-json\/wp\/v2\/users\/1"}],"replies":[{"embeddable":true,"href":"https:\/\/www.anamt.org.br\/portal\/wp-json\/wp\/v2\/comments?post=46782"}],"version-history":[{"count":0,"href":"https:\/\/www.anamt.org.br\/portal\/wp-json\/wp\/v2\/posts\/46782\/revisions"}],"wp:attachment":[{"href":"https:\/\/www.anamt.org.br\/portal\/wp-json\/wp\/v2\/media?parent=46782"}],"wp:term":[{"taxonomy":"category","embeddable":true,"href":"https:\/\/www.anamt.org.br\/portal\/wp-json\/wp\/v2\/categories?post=46782"},{"taxonomy":"post_tag","embeddable":true,"href":"https:\/\/www.anamt.org.br\/portal\/wp-json\/wp\/v2\/tags?post=46782"}],"curies":[{"name":"wp","href":"https:\/\/api.w.org\/{rel}","templated":true}]}}