{"id":46747,"date":"2023-03-17T15:56:39","date_gmt":"2023-03-17T18:56:39","guid":{"rendered":"https:\/\/www.anamt.org.br\/portal\/?p=46747"},"modified":"2023-03-17T15:56:39","modified_gmt":"2023-03-17T18:56:39","slug":"webinarios-anamt-nova-edicao-aborda-a-norma-regulamentadora-no-7","status":"publish","type":"post","link":"https:\/\/www.anamt.org.br\/portal\/2023\/03\/17\/webinarios-anamt-nova-edicao-aborda-a-norma-regulamentadora-no-7\/","title":{"rendered":"Webin\u00e1rios ANAMT: nova edi\u00e7\u00e3o aborda a Norma Regulamentadora n\u00ba 7"},"content":{"rendered":"<p>No dia 21 de mar\u00e7o, a ANAMT realizar\u00e1 uma nova edi\u00e7\u00e3o do Webin\u00e1rios ANAMT, \u00e0s 20h. A transmiss\u00e3o abordar\u00e1 a NR 7. Participar\u00e1 Carlos Eduardo Ferreira Domingues, Auditor Fiscal do Trabalho e Coordenador da Comiss\u00e3o de Revis\u00e3o da NR 7. O evento ter\u00e1 participa\u00e7\u00e3o da Dra. Simone Assalie, Diretora de \u00c9tica e Defesa Profissional da ANAMT, e ser\u00e1 coordenado pela Dra. Gilvana Campos, diretora de Legisla\u00e7\u00e3o da entidade.<\/p>\n<p>Na transmiss\u00e3o tamb\u00e9m ser\u00e3o sorteadas quatro inscri\u00e7\u00f5es nos cursos pr\u00e9-congresso do 20\u00ba Congresso Nacional ANAMT, que ser\u00e1 em novembro. Para participar do sorteio, \u00e9 preciso fazer a inscri\u00e7\u00e3o por meio de um formul\u00e1rio de inscri\u00e7\u00e3o que ser\u00e1 disponibilizado na plataforma ANAMT Virtual. O sorteio ser\u00e1 feito durante o webin\u00e1rio e s\u00f3 ser\u00e3o contemplados os sorteados que estiverem online no momento do sorteio.<\/p>\n<p>O acesso \u00e0 ANAMT Virtual \u00e9 um benef\u00edcio exclusivo de todos os associados adimplentes da entidade. Para acompanhar, acesse: <a href=\"http:\/\/anamt.virtual.org.br\">anamt.virtual.org.br<\/a>.<\/p>\n","protected":false},"excerpt":{"rendered":"<p>No dia 21 de mar\u00e7o, a ANAMT realizar\u00e1 uma nova edi\u00e7\u00e3o do Webin\u00e1rios ANAMT, \u00e0s 20h. A transmiss\u00e3o abordar\u00e1 a NR 7. Participar\u00e1 Carlos Eduardo Ferreira Domingues, Auditor Fiscal do Trabalho e Coordenador da Comiss\u00e3o de Revis\u00e3o da NR 7. O evento ter\u00e1 participa\u00e7\u00e3o da Dra. Simone Assalie, Diretora de \u00c9tica e Defesa Profissional da [&hellip;]<\/p>\n","protected":false},"author":1,"featured_media":0,"comment_status":"closed","ping_status":"closed","sticky":false,"template":"","format":"standard","meta":{"footnotes":""},"categories":[77],"tags":[],"_links":{"self":[{"href":"https:\/\/www.anamt.org.br\/portal\/wp-json\/wp\/v2\/posts\/46747"}],"collection":[{"href":"https:\/\/www.anamt.org.br\/portal\/wp-json\/wp\/v2\/posts"}],"about":[{"href":"https:\/\/www.anamt.org.br\/portal\/wp-json\/wp\/v2\/types\/post"}],"author":[{"embeddable":true,"href":"https:\/\/www.anamt.org.br\/portal\/wp-json\/wp\/v2\/users\/1"}],"replies":[{"embeddable":true,"href":"https:\/\/www.anamt.org.br\/portal\/wp-json\/wp\/v2\/comments?post=46747"}],"version-history":[{"count":0,"href":"https:\/\/www.anamt.org.br\/portal\/wp-json\/wp\/v2\/posts\/46747\/revisions"}],"wp:attachment":[{"href":"https:\/\/www.anamt.org.br\/portal\/wp-json\/wp\/v2\/media?parent=46747"}],"wp:term":[{"taxonomy":"category","embeddable":true,"href":"https:\/\/www.anamt.org.br\/portal\/wp-json\/wp\/v2\/categories?post=46747"},{"taxonomy":"post_tag","embeddable":true,"href":"https:\/\/www.anamt.org.br\/portal\/wp-json\/wp\/v2\/tags?post=46747"}],"curies":[{"name":"wp","href":"https:\/\/api.w.org\/{rel}","templated":true}]}}