{"id":46745,"date":"2023-03-27T07:28:13","date_gmt":"2023-03-27T10:28:13","guid":{"rendered":"https:\/\/www.anamt.org.br\/portal\/?p=46745"},"modified":"2023-03-27T07:28:13","modified_gmt":"2023-03-27T10:28:13","slug":"imersao-em-medicina-do-trabalho-anamt-inicia-nova-atividade-no-anamt-virtual","status":"publish","type":"post","link":"https:\/\/www.anamt.org.br\/portal\/2023\/03\/27\/imersao-em-medicina-do-trabalho-anamt-inicia-nova-atividade-no-anamt-virtual\/","title":{"rendered":"Imers\u00e3o em Medicina do Trabalho: ANAMT inicia nova atividade no ANAMT Virtual"},"content":{"rendered":"<p>&nbsp;<\/p>\n<p><img decoding=\"async\" class=\"aligncenter wp-image-46751 size-fusion-600\" src=\"https:\/\/www.anamt.org.br\/portal\/wp-content\/uploads\/2023\/03\/ANAMT_Feed_2023_R8-1-600x600.png\" alt=\"\" width=\"600\" height=\"600\" \/><\/p>\n<p>A ANAMT realiza, a partir do dia 27 de mar\u00e7o, a Imers\u00e3o em Medicina do Trabalho. O curso, com carga hor\u00e1ria de 24 horas, abordar\u00e1 doze temas relevantes para a Medicina do Trabalho. As aulas s\u00e3o ao vivo, por\u00e9m ficam gravadas e acess\u00edveis na p\u00e1gina do curso. A atividade ser\u00e1 realizada pela plataforma ANAMT Virtual e pontua cinco pontos na Prova de T\u00edtulo de Especialista em Medicina do Trabalho. A pontua\u00e7\u00e3o \u00e9 v\u00e1lida para a fase curricular do exame e n\u00e3o \u00e9 v\u00e1lida para a 51\u00aa Prova de T\u00edtulo de Especialista. Os pontos s\u00e3o v\u00e1lidos para as provas posteriores.<\/p>\n<p>As aulas s\u00e3o ao vivo, ao longo de seis semanas, segundo o cronograma (segundas e quartas \u00e0 noite, exceto dia 02\/05). Posteriormente, as grava\u00e7\u00f5es ficam dispon\u00edveis na p\u00e1gina do curso na ANAMT Virtual.<\/p>\n<p>As datas das aulas e os respectivos temas est\u00e3o dispon\u00edveis abaixo:<\/p>\n<p><img decoding=\"async\" class=\"aligncenter wp-image-46777 size-full\" src=\"https:\/\/www.anamt.org.br\/portal\/wp-content\/uploads\/2023\/03\/tabelaimersao.png\" alt=\"\" width=\"682\" height=\"409\" \/><\/p>\n<p>Mais informa\u00e7\u00f5es e inscri\u00e7\u00f5es, <a href=\"https:\/\/sistemasanamt.org.br\/anamt\/inscricoeseventos\/inscricoes\/cad_inscricao.aspx?proid=100\" target=\"_blank\" rel=\"noopener\"><strong>nesse link<\/strong><\/a>.<\/p>\n","protected":false},"excerpt":{"rendered":"<p>&nbsp; A ANAMT realiza, a partir do dia 27 de mar\u00e7o, a Imers\u00e3o em Medicina do Trabalho. O curso, com carga hor\u00e1ria de 24 horas, abordar\u00e1 doze temas relevantes para a Medicina do Trabalho. As aulas s\u00e3o ao vivo, por\u00e9m ficam gravadas e acess\u00edveis na p\u00e1gina do curso. A atividade ser\u00e1 realizada pela plataforma ANAMT [&hellip;]<\/p>\n","protected":false},"author":1,"featured_media":0,"comment_status":"closed","ping_status":"closed","sticky":false,"template":"","format":"standard","meta":{"footnotes":""},"categories":[77],"tags":[],"_links":{"self":[{"href":"https:\/\/www.anamt.org.br\/portal\/wp-json\/wp\/v2\/posts\/46745"}],"collection":[{"href":"https:\/\/www.anamt.org.br\/portal\/wp-json\/wp\/v2\/posts"}],"about":[{"href":"https:\/\/www.anamt.org.br\/portal\/wp-json\/wp\/v2\/types\/post"}],"author":[{"embeddable":true,"href":"https:\/\/www.anamt.org.br\/portal\/wp-json\/wp\/v2\/users\/1"}],"replies":[{"embeddable":true,"href":"https:\/\/www.anamt.org.br\/portal\/wp-json\/wp\/v2\/comments?post=46745"}],"version-history":[{"count":0,"href":"https:\/\/www.anamt.org.br\/portal\/wp-json\/wp\/v2\/posts\/46745\/revisions"}],"wp:attachment":[{"href":"https:\/\/www.anamt.org.br\/portal\/wp-json\/wp\/v2\/media?parent=46745"}],"wp:term":[{"taxonomy":"category","embeddable":true,"href":"https:\/\/www.anamt.org.br\/portal\/wp-json\/wp\/v2\/categories?post=46745"},{"taxonomy":"post_tag","embeddable":true,"href":"https:\/\/www.anamt.org.br\/portal\/wp-json\/wp\/v2\/tags?post=46745"}],"curies":[{"name":"wp","href":"https:\/\/api.w.org\/{rel}","templated":true}]}}