{"id":46741,"date":"2023-03-16T09:20:24","date_gmt":"2023-03-16T12:20:24","guid":{"rendered":"https:\/\/www.anamt.org.br\/portal\/?p=46741"},"modified":"2023-03-16T09:20:24","modified_gmt":"2023-03-16T12:20:24","slug":"20-congresso-anamt-esta-com-inscricoes-abertas","status":"publish","type":"post","link":"https:\/\/www.anamt.org.br\/portal\/2023\/03\/16\/20-congresso-anamt-esta-com-inscricoes-abertas\/","title":{"rendered":"20\u00ba Congresso Nacional ANAMT est\u00e1 com inscri\u00e7\u00f5es abertas"},"content":{"rendered":"<p>Com inscri\u00e7\u00f5es abertas, o <a href=\"https:\/\/congresso2023.anamt.org.br\/\" target=\"_blank\" rel=\"noopener\">20\u00ba Congresso Nacional ANAMT<\/a> ser\u00e1 realizado em Porto Alegre (RS), no per\u00edodo de 22 a 25 de novembro, sobre o tema \u2018O crescimento da Medicina do Trabalho desde os ensinamentos de Ramazzini em 1700 at\u00e9 a Ind\u00fastria 5.0\u2019. Ao longo do evento, ser\u00e3o realizados cursos pr\u00e9-congresso e apresenta\u00e7\u00e3o de trabalhos cient\u00edficos. Com infraestrutura de servi\u00e7os e conveni\u00eancias, o Congresso ser\u00e1 no Centro de Eventos da Pontif\u00edcia Universidade Cat\u00f3lica do Rio Grande do Sul (PUCRS).<\/p>\n<p>O Congresso \u00e9 voltado para aprimorar e atualizar m\u00e9dicos da especialidade, estudantes e profissionais que atuam na \u00e1rea de seguran\u00e7a, oriundos de todas as regi\u00f5es do pa\u00eds. O prop\u00f3sito \u00e9 promover um interc\u00e2mbio de ideias, conhecimentos e experi\u00eancia entre os participantes.<\/p>\n<p>Para esta edi\u00e7\u00e3o do Congresso, ser\u00e3o apresentados 12 eixos tem\u00e1ticos: Aten\u00e7\u00e3o Prim\u00e1ria de Sa\u00fade, Bio\u00e9tica, Direito M\u00e9dico, Doen\u00e7as Relacionadas ao Trabalho, Ergonomia, \u00c9tica, Forma\u00e7\u00e3o do M\u00e9dico do Trabalho e Mercado de Trabalho, Gest\u00e3o em Sa\u00fade, Inova\u00e7\u00e3o tecnol\u00f3gica, Legisla\u00e7\u00e3o, Per\u00edcia M\u00e9dica e Sa\u00fade Mental.<\/p>\n<p>Comiss\u00e3o<\/p>\n<p>A ANAMT elegeu a comiss\u00e3o organizadora respons\u00e1vel pela gest\u00e3o do Congresso. O Comit\u00ea Executivo conta com os seguintes nomes: Presidente: Dr. Francisco Cortes Fernandes (SP); Presidente Regional do Congresso: Dr. Jorge Roberto Cantergi (RS); Vice-presidente: Dr. Valker Vasconcelos de Lacerda (PB); Diretora Cient\u00edfica: Dra. Rosylane Rocha (DF) e o Diretor de Rela\u00e7\u00f5es Internacionais: Dr. Ricardo Turenko (AM).<\/p>\n<p>A comiss\u00e3o conta ainda com cinco vice-presidentes, e mais nove diretores, cada um representando uma regi\u00e3o do pa\u00eds.<\/p>\n<p>Reservas<\/p>\n<p>A ag\u00eancia respons\u00e1vel pelos pacotes de viagem \u00e9 a Levitatur, que oferece tamb\u00e9m pacotes para passeios tur\u00edsticos aos congressistas e seus familiares. As reservas podem ser efetuadas online. Reservas de grupos, a partir de dez pessoas, o contato deve ser feito pelo email grupos2@levitatur.com.br.<\/p>\n<p>Site da Ag\u00eancia: <a href=\"http:\/\/www.levitatur.com.br\" target=\"_blank\" rel=\"noopener\">www.levitatur.com.br<\/a><\/p>\n<p>Email: eventos@levitatur.com.br<br \/>\nTelefone: +55 (11) 2090-1030<\/p>\n<p>As inscri\u00e7\u00f5es no 20\u00ba Congresso podem ser feitas <a href=\"https:\/\/congresso2023.anamt.org.br\/\" target=\"_blank\" rel=\"noopener\"><strong>aqui<\/strong><\/a>.<\/p>\n","protected":false},"excerpt":{"rendered":"<p>Com inscri\u00e7\u00f5es abertas, o 20\u00ba Congresso Nacional ANAMT ser\u00e1 realizado em Porto Alegre (RS), no per\u00edodo de 22 a 25 de novembro, sobre o tema \u2018O crescimento da Medicina do Trabalho desde os ensinamentos de Ramazzini em 1700 at\u00e9 a Ind\u00fastria 5.0\u2019. Ao longo do evento, ser\u00e3o realizados cursos pr\u00e9-congresso e apresenta\u00e7\u00e3o de trabalhos cient\u00edficos. [&hellip;]<\/p>\n","protected":false},"author":1,"featured_media":0,"comment_status":"closed","ping_status":"closed","sticky":false,"template":"","format":"standard","meta":{"footnotes":""},"categories":[77],"tags":[],"_links":{"self":[{"href":"https:\/\/www.anamt.org.br\/portal\/wp-json\/wp\/v2\/posts\/46741"}],"collection":[{"href":"https:\/\/www.anamt.org.br\/portal\/wp-json\/wp\/v2\/posts"}],"about":[{"href":"https:\/\/www.anamt.org.br\/portal\/wp-json\/wp\/v2\/types\/post"}],"author":[{"embeddable":true,"href":"https:\/\/www.anamt.org.br\/portal\/wp-json\/wp\/v2\/users\/1"}],"replies":[{"embeddable":true,"href":"https:\/\/www.anamt.org.br\/portal\/wp-json\/wp\/v2\/comments?post=46741"}],"version-history":[{"count":0,"href":"https:\/\/www.anamt.org.br\/portal\/wp-json\/wp\/v2\/posts\/46741\/revisions"}],"wp:attachment":[{"href":"https:\/\/www.anamt.org.br\/portal\/wp-json\/wp\/v2\/media?parent=46741"}],"wp:term":[{"taxonomy":"category","embeddable":true,"href":"https:\/\/www.anamt.org.br\/portal\/wp-json\/wp\/v2\/categories?post=46741"},{"taxonomy":"post_tag","embeddable":true,"href":"https:\/\/www.anamt.org.br\/portal\/wp-json\/wp\/v2\/tags?post=46741"}],"curies":[{"name":"wp","href":"https:\/\/api.w.org\/{rel}","templated":true}]}}