{"id":46703,"date":"2023-03-08T07:58:09","date_gmt":"2023-03-08T10:58:09","guid":{"rendered":"https:\/\/www.anamt.org.br\/portal\/?p=46703"},"modified":"2023-03-08T07:58:09","modified_gmt":"2023-03-08T10:58:09","slug":"dia-internacional-da-mulher","status":"publish","type":"post","link":"https:\/\/www.anamt.org.br\/portal\/2023\/03\/08\/dia-internacional-da-mulher\/","title":{"rendered":"Dia Internacional da Mulher"},"content":{"rendered":"<p><em>\u201cNo reino dos fins, tudo tem ou um pre\u00e7o ou uma dignidade. Quando uma coisa tem pre\u00e7o, pode ser substitu\u00edda por algo equivalente; por outro lado, a coisa que se acha acima de todo pre\u00e7o, e por isso n\u00e3o admite qualquer equival\u00eancia, compreende uma dignidade.\u201d<\/em><\/p>\n<p><em>Immanuel Kant<\/em><\/p>\n<p>&nbsp;<\/p>\n<p>Existem temas que hesito em aceitar discorrer sobre ele.<\/p>\n<p>N\u00e3o \u00e9 o caso quando se trata de falar de assunto do qual fa\u00e7o parte, como \u00e9 o dia 08 de mar\u00e7o. Porque este tema exige apenas que eu possa explicitar o que sinto, pelo que sou, pelo que vivi, li, vivo e pelo que almejo para todas as mulheres.<\/p>\n<p>E o que almejo?<\/p>\n<p>Que as mulheres sejam respeitadas como pessoas capazes, merecedoras de homenagens e que cada vez mais, possam ocupar lugares diferenciados nas suas v\u00e1rias profiss\u00f5es, com sal\u00e1rios justos e oportunidades de crescimento profissional.<\/p>\n<p>H\u00e1 diverg\u00eancias sobre o dia exato que deu origem ao Dia Internacional da Mulher. Mas, n\u00e3o h\u00e1 d\u00favida nenhuma, de que eram vilipendiadas, constrangidas por ousarem querer o que lhes era devido, e consideradas rebeldes e mal-agradecidas, se ousassem contestar ou reivindicar melhores condi\u00e7\u00f5es de sal\u00e1rios ou de trabalho. Se nos dias de hoje, ainda encontramos pessoas preconceituosas com rela\u00e7\u00e3o \u00e0 capacidade das mulheres, imaginemos na \u00e9poca em que mulheres n\u00e3o tinham direitos a quase nada! Diante disto, n\u00e3o foi por acaso que se criou o Dia Internacional da Mulher.<\/p>\n<p>Paulatinamente, o destemor de algumas mulheres e a grande capacidade de lideran\u00e7a, foram capazes de criar corpo e voz. Unidas, e assim, fortalecidas, foram \u00e0s ruas, criaram movimentos de resist\u00eancia. N\u00e3o recuaram diante de amea\u00e7as, de demiss\u00f5es, de puni\u00e7\u00f5es f\u00edsicas e ps\u00edquicas.<\/p>\n<p>Pessoas idealistas, n\u00e3o visam pr\u00eamios individuais. Querem o bem coletivo e isso as motivam.<\/p>\n<p>Com o olhar para os dias de hoje, temos o que agradecer \u00e0s nossas ancestrais. Especificamente falando sobre a \u00e1rea da medicina, s\u00e3o evidentes os avan\u00e7os; e na sa\u00fade ocupacional, observamos com orgulho, mulheres assumindo cargos de chefias, ger\u00eancias e diretorias. Merecidamente. Nos \u00d3rg\u00e3os representativos da nossa classe, al\u00e9m de vir aumentando o quantitativo delas, j\u00e1 assumem tamb\u00e9m presid\u00eancias e diretorias num processo de igualdade. E \u00e9 preciso que isso continue acontecendo.<\/p>\n<p>Apesar disso, o cen\u00e1rio n\u00e3o \u00e9 de todo, alentador. Porque ainda existem as profissionais mal remuneradas, mesmo realizando tarefas id\u00eanticas aos dos seus colegas m\u00e9dicos. Profissionais igualmente competentes e injusti\u00e7adas. Para essas, registro o meu carinho, meu respeito e meus desejos de que isso se reverta logo. N\u00e3o se justifica tanta injusti\u00e7a!<\/p>\n<p>Para esta revers\u00e3o, \u00e9 preciso lembrar que por mais que se avance numa causa, vez por outra parece que ressurgem fantasmas do passado, como indutores de retrocesso. Ainda se ouve piadas de mau gosto sobre mulheres l\u00edderes ou que exigem condi\u00e7\u00f5es de igualdade. Exatamente por isto, \u00e9 que \u00e9 preciso ficarmos alertas e combativas. A luta pela igualdade de direitos n\u00e3o \u00e9 f\u00e1cil.<\/p>\n<p>Pois n\u00e3o vimos recentemente o que aconteceu numa regi\u00e3o do sul do Pa\u00eds?<\/p>\n<p>Trabalhadores em condi\u00e7\u00f5es de trabalho inaceit\u00e1veis, sob a aquiesc\u00eancia de alguns e subservi\u00eancia de outros, que, ao serem libertados, contaram o que seus corpos sofreram, flagelados sem d\u00f3, para produzirem mais e mais. At\u00e9 quando isso ocorrer\u00e1? Quantos choros e gemidos n\u00e3o ouvidos por insensibilidade de humanos!<\/p>\n<p>Voltando ao tema do Dia Internacional da Mulher, \u00e9 preciso lembrar que a passividade e o medo e o ego\u00edsmo, travam qualquer avan\u00e7o. Por isso, desejo que estes adjetivos n\u00e3o fa\u00e7am parte do perfil de quem pode ajudar no processo de empoderamento das mulheres.<\/p>\n<p>Desejo que a cada ano, este dia seja comemorado com in\u00fameras not\u00edcias de conquistas femininas quanto aos seus direitos em todos os sentidos. Que todos os dias, sejam dignos de comemora\u00e7\u00e3o por respeitarem nossos direitos! Que n\u00e3o nos tirem o direito \u00e0 dignidade!<\/p>\n<p>Desejo que as mulheres, que j\u00e1 ocupam cargos altos em seus locais de atua\u00e7\u00e3o, olhem e lutem pelas que ainda n\u00e3o o conseguiram.<\/p>\n<p>Porque s\u00f3 se constr\u00f3i o futuro que se quer, solidificando o presente. E para isso \u00e9 preciso uni\u00e3o, coragem e solidariedade!<\/p>\n<p>Avante!<\/p>\n<p><em><img decoding=\"async\" class=\" wp-image-46708 alignleft\" src=\"https:\/\/www.anamt.org.br\/portal\/wp-content\/uploads\/2023\/03\/WhatsApp-Image-2023-03-08-at-12.57.35-200x300.jpeg\" alt=\"\" width=\"165\" height=\"248\" \/><\/em><\/p>\n<p>&nbsp;<\/p>\n<p><em>Edenilza Campos de Assis e Mendes<\/em><br \/>\n<em>AFT aposentada- Membro da C\u00e2mara T\u00e9cnica do CREMESP e da Diretoria de Comunica\u00e7\u00e3o e das Regionais da APMT- Supervisora do Setor de Normas e Fiscaliza\u00e7\u00e3o do DPME-SP<\/em><\/p>\n","protected":false},"excerpt":{"rendered":"<p>\u201cNo reino dos fins, tudo tem ou um pre\u00e7o ou uma dignidade. Quando uma coisa tem pre\u00e7o, pode ser substitu\u00edda por algo equivalente; por outro lado, a coisa que se acha acima de todo pre\u00e7o, e por isso n\u00e3o admite qualquer equival\u00eancia, compreende uma dignidade.\u201d Immanuel Kant &nbsp; Existem temas que hesito em aceitar discorrer [&hellip;]<\/p>\n","protected":false},"author":1,"featured_media":0,"comment_status":"closed","ping_status":"closed","sticky":false,"template":"","format":"standard","meta":{"footnotes":""},"categories":[77],"tags":[],"_links":{"self":[{"href":"https:\/\/www.anamt.org.br\/portal\/wp-json\/wp\/v2\/posts\/46703"}],"collection":[{"href":"https:\/\/www.anamt.org.br\/portal\/wp-json\/wp\/v2\/posts"}],"about":[{"href":"https:\/\/www.anamt.org.br\/portal\/wp-json\/wp\/v2\/types\/post"}],"author":[{"embeddable":true,"href":"https:\/\/www.anamt.org.br\/portal\/wp-json\/wp\/v2\/users\/1"}],"replies":[{"embeddable":true,"href":"https:\/\/www.anamt.org.br\/portal\/wp-json\/wp\/v2\/comments?post=46703"}],"version-history":[{"count":0,"href":"https:\/\/www.anamt.org.br\/portal\/wp-json\/wp\/v2\/posts\/46703\/revisions"}],"wp:attachment":[{"href":"https:\/\/www.anamt.org.br\/portal\/wp-json\/wp\/v2\/media?parent=46703"}],"wp:term":[{"taxonomy":"category","embeddable":true,"href":"https:\/\/www.anamt.org.br\/portal\/wp-json\/wp\/v2\/categories?post=46703"},{"taxonomy":"post_tag","embeddable":true,"href":"https:\/\/www.anamt.org.br\/portal\/wp-json\/wp\/v2\/tags?post=46703"}],"curies":[{"name":"wp","href":"https:\/\/api.w.org\/{rel}","templated":true}]}}