{"id":46639,"date":"2023-02-08T17:05:29","date_gmt":"2023-02-08T20:05:29","guid":{"rendered":"https:\/\/www.anamt.org.br\/portal\/?p=46639"},"modified":"2023-02-08T17:05:29","modified_gmt":"2023-02-08T20:05:29","slug":"20o-congresso-anamt-data-e-local-do-evento-e-alterado","status":"publish","type":"post","link":"https:\/\/www.anamt.org.br\/portal\/2023\/02\/08\/20o-congresso-anamt-data-e-local-do-evento-e-alterado\/","title":{"rendered":"20\u00ba Congresso ANAMT: data e local do evento \u00e9 alterado"},"content":{"rendered":"<p>A ANAMT divulgou uma carta sobre a altera\u00e7\u00e3o da data e local do 20\u00ba Congresso Nacional ANAMT. Inicialmente previsto para ocorrer em outubro na cidade de Gramado (RS), o evento ser\u00e1 em Porto Alegre, em novembro. O texto, na \u00edntegra, est\u00e1 dispon\u00edvel abaixo:<\/p>\n<blockquote><p>A Diretoria da ANAMT, em comum acordo com a Sociedade Ga\u00facha de Medicina do Trabalho, informa que, por raz\u00f5es alheias a nossa vontade e priorizando as melhores condi\u00e7\u00f5es para os participantes do congresso, decidiu alterar a cidade-sede do 20\u00ba Congresso Nacional da ANAMT de Gramado para Porto Alegre \u2013 RS.<\/p>\n<p>Devido a acerto de agenda com os espa\u00e7os dispon\u00edveis, realizaremos o 20\u00ba Congresso Nacional da ANAMT nos dias 22, 23, 24 e 25 de novembro de 2023, no Centro de Eventos da Pontif\u00edcia Universidade Cat\u00f3lica do Rio Grande do Sul, em Porto Alegre.<\/p>\n<p>Esclarecemos que a decis\u00e3o teve motiva\u00e7\u00e3o primordial na rean\u00e1lise financeira de custo para os congressistas e para a ANAMT, diante das altera\u00e7\u00f5es de tarifas ocorridas na cidade de Gramado nos \u00faltimos meses.<\/p>\n<p>Certos de seu entendimento, agradecemos.<\/p>\n<p>Atenciosamente,<\/p>\n<p>Comiss\u00e3o Organizadora do Congresso<\/p><\/blockquote>\n","protected":false},"excerpt":{"rendered":"<p>A ANAMT divulgou uma carta sobre a altera\u00e7\u00e3o da data e local do 20\u00ba Congresso Nacional ANAMT. Inicialmente previsto para ocorrer em outubro na cidade de Gramado (RS), o evento ser\u00e1 em Porto Alegre, em novembro. O texto, na \u00edntegra, est\u00e1 dispon\u00edvel abaixo: A Diretoria da ANAMT, em comum acordo com a Sociedade Ga\u00facha de [&hellip;]<\/p>\n","protected":false},"author":1,"featured_media":0,"comment_status":"closed","ping_status":"closed","sticky":false,"template":"","format":"standard","meta":{"footnotes":""},"categories":[77],"tags":[],"_links":{"self":[{"href":"https:\/\/www.anamt.org.br\/portal\/wp-json\/wp\/v2\/posts\/46639"}],"collection":[{"href":"https:\/\/www.anamt.org.br\/portal\/wp-json\/wp\/v2\/posts"}],"about":[{"href":"https:\/\/www.anamt.org.br\/portal\/wp-json\/wp\/v2\/types\/post"}],"author":[{"embeddable":true,"href":"https:\/\/www.anamt.org.br\/portal\/wp-json\/wp\/v2\/users\/1"}],"replies":[{"embeddable":true,"href":"https:\/\/www.anamt.org.br\/portal\/wp-json\/wp\/v2\/comments?post=46639"}],"version-history":[{"count":0,"href":"https:\/\/www.anamt.org.br\/portal\/wp-json\/wp\/v2\/posts\/46639\/revisions"}],"wp:attachment":[{"href":"https:\/\/www.anamt.org.br\/portal\/wp-json\/wp\/v2\/media?parent=46639"}],"wp:term":[{"taxonomy":"category","embeddable":true,"href":"https:\/\/www.anamt.org.br\/portal\/wp-json\/wp\/v2\/categories?post=46639"},{"taxonomy":"post_tag","embeddable":true,"href":"https:\/\/www.anamt.org.br\/portal\/wp-json\/wp\/v2\/tags?post=46639"}],"curies":[{"name":"wp","href":"https:\/\/api.w.org\/{rel}","templated":true}]}}