{"id":46593,"date":"2023-01-24T20:52:39","date_gmt":"2023-01-24T23:52:39","guid":{"rendered":"https:\/\/www.anamt.org.br\/portal\/?p=46593"},"modified":"2023-01-24T20:52:39","modified_gmt":"2023-01-24T23:52:39","slug":"amianto-anamt-alerta-sobre-autorizacao-da-retomada-da-exploracao-do-amianto-em-minacu-go","status":"publish","type":"post","link":"https:\/\/www.anamt.org.br\/portal\/2023\/01\/24\/amianto-anamt-alerta-sobre-autorizacao-da-retomada-da-exploracao-do-amianto-em-minacu-go\/","title":{"rendered":"ANAMT alerta sobre autoriza\u00e7\u00e3o da retomada da explora\u00e7\u00e3o de amianto em Mina\u00e7u (GO)"},"content":{"rendered":"<p>A Associa\u00e7\u00e3o Nacional de Medicina do Trabalho vem a p\u00fablico externar alerta \u00e0 popula\u00e7\u00e3o sobre recente decis\u00e3o do Supremo Tribunal Federal em acatar pedido da Assembleia Legislativa, do Governo de Goi\u00e1s e da prefeitura de Mina\u00e7u para autorizar a retomada da explora\u00e7\u00e3o do amianto crisotila para exporta\u00e7\u00e3o.<\/p>\n<p>A IARC &#8211; International Agency for Research on Cancer &#8211; apresentou estudos cient\u00edficos que demonstram ser o amianto causador de uma verdadeira &#8220;cat\u00e1strofe sanit\u00e1ria&#8221;, que produz danos \u00e0 sa\u00fade humana, por provocar doen\u00e7as como asbestose (fibrose pulmonar); c\u00e2ncer de pulm\u00e3o (tumor maligno); mesotelioma (tumor maligno de pleura e peric\u00e1rdio; c\u00e2ncer lingual, laringe e ov\u00e1rio, faringe, est\u00f4mago e c\u00f3lon retal e e ao meio ambiente, tanto durante o curso de sua extra\u00e7\u00e3o e produ\u00e7\u00e3o quanto na gest\u00e3o dos res\u00edduos.<\/p>\n<p>As fortes press\u00f5es financeiras n\u00e3o podem ter predom\u00ednio sobre a sa\u00fade e a vida de milh\u00f5es de brasileiros.<br \/>\nSegundo a Organiza\u00e7\u00e3o Mundial da Sa\u00fade (OMS), cerca de cinquenta pa\u00edses pro\u00edbem completamente o amianto.<br \/>\nAlertamos \u00e0 sociedade e aos trabalhadores sobre os riscos reais e irrevers\u00edveis \u00e0 sa\u00fade humana e ambiental.<br \/>\nA ANAMT apela \u00e0s autoridades para que seja revista a decis\u00e3o judicial em prote\u00e7\u00e3o \u00e0 toda sociedade, mantendo o banimento do AMIANTO, no Brasil.<\/p>\n","protected":false},"excerpt":{"rendered":"<p>A Associa\u00e7\u00e3o Nacional de Medicina do Trabalho vem a p\u00fablico externar alerta \u00e0 popula\u00e7\u00e3o sobre recente decis\u00e3o do Supremo Tribunal Federal em acatar pedido da Assembleia Legislativa, do Governo de Goi\u00e1s e da prefeitura de Mina\u00e7u para autorizar a retomada da explora\u00e7\u00e3o do amianto crisotila para exporta\u00e7\u00e3o. A IARC &#8211; International Agency for Research on [&hellip;]<\/p>\n","protected":false},"author":1,"featured_media":0,"comment_status":"closed","ping_status":"closed","sticky":false,"template":"","format":"standard","meta":{"footnotes":""},"categories":[77],"tags":[],"_links":{"self":[{"href":"https:\/\/www.anamt.org.br\/portal\/wp-json\/wp\/v2\/posts\/46593"}],"collection":[{"href":"https:\/\/www.anamt.org.br\/portal\/wp-json\/wp\/v2\/posts"}],"about":[{"href":"https:\/\/www.anamt.org.br\/portal\/wp-json\/wp\/v2\/types\/post"}],"author":[{"embeddable":true,"href":"https:\/\/www.anamt.org.br\/portal\/wp-json\/wp\/v2\/users\/1"}],"replies":[{"embeddable":true,"href":"https:\/\/www.anamt.org.br\/portal\/wp-json\/wp\/v2\/comments?post=46593"}],"version-history":[{"count":0,"href":"https:\/\/www.anamt.org.br\/portal\/wp-json\/wp\/v2\/posts\/46593\/revisions"}],"wp:attachment":[{"href":"https:\/\/www.anamt.org.br\/portal\/wp-json\/wp\/v2\/media?parent=46593"}],"wp:term":[{"taxonomy":"category","embeddable":true,"href":"https:\/\/www.anamt.org.br\/portal\/wp-json\/wp\/v2\/categories?post=46593"},{"taxonomy":"post_tag","embeddable":true,"href":"https:\/\/www.anamt.org.br\/portal\/wp-json\/wp\/v2\/tags?post=46593"}],"curies":[{"name":"wp","href":"https:\/\/api.w.org\/{rel}","templated":true}]}}