{"id":46563,"date":"2023-01-16T11:32:40","date_gmt":"2023-01-16T14:32:40","guid":{"rendered":"https:\/\/www.anamt.org.br\/portal\/?p=46563"},"modified":"2023-01-16T11:32:40","modified_gmt":"2023-01-16T14:32:40","slug":"esocial-webinario-anamt-aborda-o-tema-no-dia-31-de-janeiro","status":"publish","type":"post","link":"https:\/\/www.anamt.org.br\/portal\/2023\/01\/16\/esocial-webinario-anamt-aborda-o-tema-no-dia-31-de-janeiro\/","title":{"rendered":"eSocial: Webin\u00e1rio ANAMT aborda o tema no dia 31 de janeiro"},"content":{"rendered":"<p>A ANAMT realizar\u00e1 uma nova edi\u00e7\u00e3o do Webn\u00e1rios ANAMT no dia 31 de janeiro, \u00e0s 20h. A transmiss\u00e3o abordar\u00e1 o assunto eSocial &#8211; Legisla\u00e7\u00e3o Atual e Aplica\u00e7\u00e3o Pr\u00e1tica.<\/p>\n<p>Participar\u00e3o Orion S\u00e1vio Santos Oliveira, coordenador de Benef\u00edcios de Risco e Reabilita\u00e7\u00e3o Profissional do Minist\u00e9rio do Trabalho e Previd\u00eancia, e o presidente da ANAMT, Dr. Francisco Cortes Fernandes. O evento ser\u00e1 coordenado pela diretora cient\u00edfica da Associa\u00e7\u00e3o, Dra. Rosylane Rocha.<\/p>\n<p>Durante a transmiss\u00e3o, ser\u00e3o sorteadas quatro inscri\u00e7\u00f5es nos cursos pr\u00e9-congresso do 20\u00ba Congresso Nacional ANAMT, que ocorrer\u00e1 em outubro. Para participar do sorteio, \u00e9 preciso fazer a inscri\u00e7\u00e3o por meio de um formul\u00e1rio de inscri\u00e7\u00e3o que ser\u00e1 disponibilizado na plataforma ANAMT Virtual. O sorteio ser\u00e1 feito durante o webin\u00e1rio e s\u00f3 ser\u00e3o contemplados os sorteados que estiverem online no momento do sorteio.<\/p>\n<p>O acesso \u00e0 ANAMT Virtual \u00e9 um benef\u00edcio exclusivo de todos os associados adimplentes da entidade. Para acompanhar, acesse: <a href=\"http:\/\/anamt.virtual.org.br\" target=\"_blank\" rel=\"noopener\">anamt.virtual.org.br<\/a>.<\/p>\n","protected":false},"excerpt":{"rendered":"<p>A ANAMT realizar\u00e1 uma nova edi\u00e7\u00e3o do Webn\u00e1rios ANAMT no dia 31 de janeiro, \u00e0s 20h. A transmiss\u00e3o abordar\u00e1 o assunto eSocial &#8211; Legisla\u00e7\u00e3o Atual e Aplica\u00e7\u00e3o Pr\u00e1tica. Participar\u00e3o Orion S\u00e1vio Santos Oliveira, coordenador de Benef\u00edcios de Risco e Reabilita\u00e7\u00e3o Profissional do Minist\u00e9rio do Trabalho e Previd\u00eancia, e o presidente da ANAMT, Dr. Francisco Cortes [&hellip;]<\/p>\n","protected":false},"author":1,"featured_media":0,"comment_status":"closed","ping_status":"closed","sticky":false,"template":"","format":"standard","meta":{"footnotes":""},"categories":[77],"tags":[],"_links":{"self":[{"href":"https:\/\/www.anamt.org.br\/portal\/wp-json\/wp\/v2\/posts\/46563"}],"collection":[{"href":"https:\/\/www.anamt.org.br\/portal\/wp-json\/wp\/v2\/posts"}],"about":[{"href":"https:\/\/www.anamt.org.br\/portal\/wp-json\/wp\/v2\/types\/post"}],"author":[{"embeddable":true,"href":"https:\/\/www.anamt.org.br\/portal\/wp-json\/wp\/v2\/users\/1"}],"replies":[{"embeddable":true,"href":"https:\/\/www.anamt.org.br\/portal\/wp-json\/wp\/v2\/comments?post=46563"}],"version-history":[{"count":0,"href":"https:\/\/www.anamt.org.br\/portal\/wp-json\/wp\/v2\/posts\/46563\/revisions"}],"wp:attachment":[{"href":"https:\/\/www.anamt.org.br\/portal\/wp-json\/wp\/v2\/media?parent=46563"}],"wp:term":[{"taxonomy":"category","embeddable":true,"href":"https:\/\/www.anamt.org.br\/portal\/wp-json\/wp\/v2\/categories?post=46563"},{"taxonomy":"post_tag","embeddable":true,"href":"https:\/\/www.anamt.org.br\/portal\/wp-json\/wp\/v2\/tags?post=46563"}],"curies":[{"name":"wp","href":"https:\/\/api.w.org\/{rel}","templated":true}]}}