{"id":46561,"date":"2023-01-11T16:02:54","date_gmt":"2023-01-11T19:02:54","guid":{"rendered":"https:\/\/www.anamt.org.br\/portal\/?p=46561"},"modified":"2023-01-11T16:02:54","modified_gmt":"2023-01-11T19:02:54","slug":"confira-os-ganhadores-do-webinario-anamt-sobre-telessaude","status":"publish","type":"post","link":"https:\/\/www.anamt.org.br\/portal\/2023\/01\/11\/confira-os-ganhadores-do-webinario-anamt-sobre-telessaude\/","title":{"rendered":"Confira os ganhadores do webin\u00e1rio ANAMT sobre Telessa\u00fade"},"content":{"rendered":"<p>Na \u00faltima edi\u00e7\u00e3o do webin\u00e1rio da <strong><a href=\"http:\/\/anamt.virtual.org.br\/\" target=\"_blank\" rel=\"noopener\">ANAMT Virtual<\/a><\/strong>, realizado no dia 10 de janeiro, foram sorteadas quatro inscri\u00e7\u00f5es nos cursos pr\u00e9-congresso do 20\u00ba Congresso Nacional ANAMT, que ocorrer\u00e1 em outubro. O tema principal da transmis\u00e3o foi Telessa\u00fade.<\/p>\n<p>Na ocasi\u00e3o, Dr. Alejandro Bullon, coordenador jur\u00eddico do Conselho Federal de Medicina (CFM), abordou Aspectos Jur\u00eddicos da Lei n\u00ba 14.150\/23 (Lei da Telessa\u00fade) e a Compet\u00eancia Legal do CFM, e Gabriela Belkise, Rela\u00e7\u00f5es Institucionais e Governamentais do Conselho, falou sobre Impactos do Texto na Atua\u00e7\u00e3o dos M\u00e9dicos e T\u00e9cnica Legislativa.<\/p>\n<p>Confira abaixo os nomes dos sorteados:<\/p>\n<p>Viviane Martins Schmitz<br \/>\nJanaina Torres Botaro<br \/>\nJuliana Corado da Silva Reis<br \/>\nEvandro Carlos Miola<\/p>\n","protected":false},"excerpt":{"rendered":"<p>Na \u00faltima edi\u00e7\u00e3o do webin\u00e1rio da ANAMT Virtual, realizado no dia 10 de janeiro, foram sorteadas quatro inscri\u00e7\u00f5es nos cursos pr\u00e9-congresso do 20\u00ba Congresso Nacional ANAMT, que ocorrer\u00e1 em outubro. O tema principal da transmis\u00e3o foi Telessa\u00fade. Na ocasi\u00e3o, Dr. Alejandro Bullon, coordenador jur\u00eddico do Conselho Federal de Medicina (CFM), abordou Aspectos Jur\u00eddicos da Lei [&hellip;]<\/p>\n","protected":false},"author":1,"featured_media":0,"comment_status":"closed","ping_status":"closed","sticky":false,"template":"","format":"standard","meta":{"footnotes":""},"categories":[77],"tags":[],"_links":{"self":[{"href":"https:\/\/www.anamt.org.br\/portal\/wp-json\/wp\/v2\/posts\/46561"}],"collection":[{"href":"https:\/\/www.anamt.org.br\/portal\/wp-json\/wp\/v2\/posts"}],"about":[{"href":"https:\/\/www.anamt.org.br\/portal\/wp-json\/wp\/v2\/types\/post"}],"author":[{"embeddable":true,"href":"https:\/\/www.anamt.org.br\/portal\/wp-json\/wp\/v2\/users\/1"}],"replies":[{"embeddable":true,"href":"https:\/\/www.anamt.org.br\/portal\/wp-json\/wp\/v2\/comments?post=46561"}],"version-history":[{"count":0,"href":"https:\/\/www.anamt.org.br\/portal\/wp-json\/wp\/v2\/posts\/46561\/revisions"}],"wp:attachment":[{"href":"https:\/\/www.anamt.org.br\/portal\/wp-json\/wp\/v2\/media?parent=46561"}],"wp:term":[{"taxonomy":"category","embeddable":true,"href":"https:\/\/www.anamt.org.br\/portal\/wp-json\/wp\/v2\/categories?post=46561"},{"taxonomy":"post_tag","embeddable":true,"href":"https:\/\/www.anamt.org.br\/portal\/wp-json\/wp\/v2\/tags?post=46561"}],"curies":[{"name":"wp","href":"https:\/\/api.w.org\/{rel}","templated":true}]}}