{"id":46559,"date":"2023-01-11T08:31:46","date_gmt":"2023-01-11T11:31:46","guid":{"rendered":"https:\/\/www.anamt.org.br\/portal\/?p=46559"},"modified":"2023-01-11T08:31:46","modified_gmt":"2023-01-11T11:31:46","slug":"novo-ministro-do-trabalho-afirma-que-dara-enfase-ao-tripartismo","status":"publish","type":"post","link":"https:\/\/www.anamt.org.br\/portal\/2023\/01\/11\/novo-ministro-do-trabalho-afirma-que-dara-enfase-ao-tripartismo\/","title":{"rendered":"Novo ministro do Trabalho afirma que dar\u00e1 \u00eanfase ao tripartismo"},"content":{"rendered":"<p>O novo ministro do Trabalho e Emprego, Luiz Marinho, assumiu a pasta no dia 3 de janeiro, em cerim\u00f4nia realizada em Bras\u00edlia. Marinho firmou o compromisso de dar protagonismo \u00e0 agenda trabalhista, com forte participa\u00e7\u00e3o nas pol\u00edticas de desenvolvimento econ\u00f4mico, tecnol\u00f3gico e social do pa\u00eds. O ministro disse que vai apresentar, em curto prazo, uma pol\u00edtica permanente de valoriza\u00e7\u00e3o do sal\u00e1rio-m\u00ednimo ao presidente da Rep\u00fablica, Luiz In\u00e1cio Lula da Silva.<\/p>\n<p>Em seu discurso, Marinho falou da import\u00e2ncia de promover \u201cempregos dignos, com bons sal\u00e1rios e prote\u00e7\u00e3o social, trabalhista e previdenci\u00e1ria\u201d a todos. Disse que aut\u00f4nomos, empregados dom\u00e9sticos, trabalhadores de aplicativos e plataformas e jovens que n\u00e3o trabalham nem estudam ter\u00e3o uma aten\u00e7\u00e3o especial em sua gest\u00e3o. \u201cO trabalho volta a ser um instrumento fundamental para acabar com a fome, a pobreza e a desigualdade social\u201d, disse.<\/p>\n<p>O novo ministro afirmou tamb\u00e9m que dar\u00e1 \u00eanfase ao di\u00e1logo social e ao tripartismo. \u201cA casa est\u00e1 de portas abertas aos sindicatos, que s\u00e3o a voz dos trabalhadores, \u00e0s confedera\u00e7\u00f5es e \u00e0s entidades empresariais\u201d, garantiu. E prometeu agilizar a Regulamenta\u00e7\u00e3o da conven\u00e7\u00e3o 151 da Organiza\u00e7\u00e3o Internacional do Trabalho (OIT), que trata do Direito de Sindicaliza\u00e7\u00e3o e Rela\u00e7\u00f5es de Trabalho na Administra\u00e7\u00e3o P\u00fablica.<\/p>\n<p>Entre as prioridades das pol\u00edticas trabalhistas, Marinho enfatizou o fim da desigualdade entre homens e mulheres, negros e brancos. E afirmou que \u201cas inova\u00e7\u00f5es tecnol\u00f3gicas ser\u00e3o uma pauta estrat\u00e9gica, aliada ao trabalho e ao emprego, para gerar renda, riqueza, e elevar o padr\u00e3o de vida dos brasileiros\u201d.<\/p>\n<p>Marinho disse ainda que conduzir a pasta ser\u00e1 desafiador, mas que com convic\u00e7\u00e3o e vontade todas as dificuldades ser\u00e3o superadas. \u201cTemos uma na\u00e7\u00e3o para unir e reconstruir\u201d, finalizou.<\/p>\n<p>A solenidade contou com a presen\u00e7a de v\u00e1rias autoridades, presidentes e representantes de sindicatos. A presidente nacional do Partido dos Trabalhadores (PT), Gleisi Hoffmann, comp\u00f4s a mesa de autoridades e destacou a import\u00e2ncia do Minist\u00e9rio do Trabalho e Emprego no cen\u00e1rio brasileiro. \u201c\u00c9 a pasta que cuida dos direitos daqueles que fazem a riqueza do Brasil. N\u00e3o \u00e9 poss\u00edvel construir uma na\u00e7\u00e3o se o trabalhador n\u00e3o for valorizado\u201d, enfatizou.<\/p>\n<p>Tamb\u00e9m estavam presentes o ministro do Supremo Tribunal Federal (STF), Ricardo Lewandowski, o presidente do Banco Nacional de Desenvolvimento (BNDES), Alo\u00edsio Mercadante, e o presidente das Centrais Sindicais, S\u00e9rgio Nobre.<\/p>\n<p>Curr\u00edculo \u2013 Luiz Marinho assumiu o comando do Minist\u00e9rio do Trabalho pela primeira vez em 2005. Tamb\u00e9m j\u00e1 atuou como ministro da Previd\u00eancia Social, em 2007. \u00c9 bacharel em Direito. De 1996 a 2003 foi presidente do Sindicato dos Metal\u00fargicos do ABC. Em 2003, foi eleito presidente da CUT, com 74% dos votos. Entre 2003 e 2004, foi nomeado presidente do Conselho Nacional de Seguran\u00e7a Alimentar (Consea). At\u00e9 dezembro de 2022, Luiz Marinho foi presidente estadual do PT em S\u00e3o Paulo.<\/p>\n<p><em>Fonte: Minist\u00e9rio do Trabalho<\/em><\/p>\n","protected":false},"excerpt":{"rendered":"<p>O novo ministro do Trabalho e Emprego, Luiz Marinho, assumiu a pasta no dia 3 de janeiro, em cerim\u00f4nia realizada em Bras\u00edlia. Marinho firmou o compromisso de dar protagonismo \u00e0 agenda trabalhista, com forte participa\u00e7\u00e3o nas pol\u00edticas de desenvolvimento econ\u00f4mico, tecnol\u00f3gico e social do pa\u00eds. O ministro disse que vai apresentar, em curto prazo, uma [&hellip;]<\/p>\n","protected":false},"author":1,"featured_media":0,"comment_status":"closed","ping_status":"closed","sticky":false,"template":"","format":"standard","meta":{"footnotes":""},"categories":[77],"tags":[],"_links":{"self":[{"href":"https:\/\/www.anamt.org.br\/portal\/wp-json\/wp\/v2\/posts\/46559"}],"collection":[{"href":"https:\/\/www.anamt.org.br\/portal\/wp-json\/wp\/v2\/posts"}],"about":[{"href":"https:\/\/www.anamt.org.br\/portal\/wp-json\/wp\/v2\/types\/post"}],"author":[{"embeddable":true,"href":"https:\/\/www.anamt.org.br\/portal\/wp-json\/wp\/v2\/users\/1"}],"replies":[{"embeddable":true,"href":"https:\/\/www.anamt.org.br\/portal\/wp-json\/wp\/v2\/comments?post=46559"}],"version-history":[{"count":0,"href":"https:\/\/www.anamt.org.br\/portal\/wp-json\/wp\/v2\/posts\/46559\/revisions"}],"wp:attachment":[{"href":"https:\/\/www.anamt.org.br\/portal\/wp-json\/wp\/v2\/media?parent=46559"}],"wp:term":[{"taxonomy":"category","embeddable":true,"href":"https:\/\/www.anamt.org.br\/portal\/wp-json\/wp\/v2\/categories?post=46559"},{"taxonomy":"post_tag","embeddable":true,"href":"https:\/\/www.anamt.org.br\/portal\/wp-json\/wp\/v2\/tags?post=46559"}],"curies":[{"name":"wp","href":"https:\/\/api.w.org\/{rel}","templated":true}]}}