{"id":46557,"date":"2023-01-11T08:22:14","date_gmt":"2023-01-11T11:22:14","guid":{"rendered":"https:\/\/www.anamt.org.br\/portal\/?p=46557"},"modified":"2023-01-11T08:22:14","modified_gmt":"2023-01-11T11:22:14","slug":"reestruturacao-do-ministerio-do-trabalho-eleva-a-inspecao-do-trabalho-ao-nivel-de-secretaria","status":"publish","type":"post","link":"https:\/\/www.anamt.org.br\/portal\/2023\/01\/11\/reestruturacao-do-ministerio-do-trabalho-eleva-a-inspecao-do-trabalho-ao-nivel-de-secretaria\/","title":{"rendered":"Reestrutura\u00e7\u00e3o do Minist\u00e9rio do Trabalho eleva a Inspe\u00e7\u00e3o do Trabalho ao n\u00edvel de Secretaria"},"content":{"rendered":"<p>No dia 1\u00ba de janeiro de 2023, foi publicado no Di\u00e1rio Oficial da Uni\u00e3o, o <strong><a href=\"https:\/\/www.protecao.com.br\/wp-content\/uploads\/2023\/01\/Decreto-n.-11.359-01-de-Janeiro-de-2023-MINISTERIO-DO-TRABALHO-E-EMPREGO-.pdf\" target=\"_blank\" rel=\"noopener\">Decreto n\u00ba 11.359<\/a><\/strong>\u00a0que \u201caprova a Estrutura Regimental e o Quadro Demonstrativo dos Cargos em Comiss\u00e3o e das Fun\u00e7\u00f5es de Confian\u00e7a do Minist\u00e9rio do Trabalho e Emprego e remaneja cargos em comiss\u00e3o e fun\u00e7\u00f5es de confian\u00e7a\u201d.<\/p>\n<p>Conforme o anexo I do documento, o Minist\u00e9rio do Trabalho e Emprego fica respons\u00e1vel pela \u201cfiscaliza\u00e7\u00e3o do trabalho, inclusive do trabalho portu\u00e1rio e aplica\u00e7\u00e3o das san\u00e7\u00f5es previstas em normas legais ou coletivas, e pela Seguran\u00e7a e Sa\u00fade no Trabalho\u201d em geral.<\/p>\n<p>Em rela\u00e7\u00e3o \u00e0 estrutura organizacional dos \u00f3rg\u00e3os espec\u00edficos singulares, a SIT (Secretaria de Inspe\u00e7\u00e3o do Trabalho) fica respons\u00e1vel pelo departamento de Fiscaliza\u00e7\u00e3o do Trabalho e pelo Departamento de Seguran\u00e7a e Sa\u00fade do Trabalhador.<\/p>\n<p>Segundo o documento, dentre as compet\u00eancias do Departamento de Fiscaliza\u00e7\u00e3o do Trabalho est\u00e1 o subs\u00eddio \u00e0 \u201cformula\u00e7\u00e3o e a proposi\u00e7\u00e3o das diretrizes da inspe\u00e7\u00e3o do trabalho, em especial das pol\u00edticas de combate ao trabalho infantil e a toda forma de trabalho degradante, e do trabalho portu\u00e1rio\u201d.<\/p>\n<p>J\u00e1 ao Departamento de Seguran\u00e7a e Sa\u00fade do Trabalhador, compete o subs\u00eddio \u00e0 \u201cformula\u00e7\u00e3o e proposi\u00e7\u00e3o das diretrizes e normas de atua\u00e7\u00e3o da \u00e1rea de seguran\u00e7a e sa\u00fade no trabalho\u201d, o planejamento, supervis\u00e3o, orienta\u00e7\u00e3o, coordena\u00e7\u00e3o e controle da execu\u00e7\u00e3o das atividades relacionadas \u00e0 inspe\u00e7\u00e3o dos ambientes e condi\u00e7\u00f5es de trabalho, bem como o planejamento, coordena\u00e7\u00e3o e orienta\u00e7\u00e3o da execu\u00e7\u00e3o do Programa de Alimenta\u00e7\u00e3o do Trabalhador e da Campanha Nacional de Preven\u00e7\u00e3o de Acidentes do Trabalho, dentre outras compet\u00eancias.<\/p>\n<p>MUDAN\u00c7AS<\/p>\n<p>Para o auditor fiscal do trabalho Mauro Muller, n\u00e3o houve altera\u00e7\u00f5es em termos de SST para a Inspe\u00e7\u00e3o do Trabalho, por\u00e9m \u201cela retornou ao n\u00edvel de Secretaria, o que significa uma valoriza\u00e7\u00e3o por parte do novo governo\u201d.<\/p>\n<p>Outro ponto ressaltado por Muller est\u00e1 no artigo 40 da se\u00e7\u00e3o IV, dos \u00f3rg\u00e3os colegiados, que determina \u00e0 Comiss\u00e3o Tripartite Parit\u00e1ria Permanente assegurar a gest\u00e3o participativa no \u00e2mbito da Pol\u00edtica Nacional de Seguran\u00e7a e Sa\u00fade no Trabalho \u2013 PNSST, de que trata o Decreto n\u00ba 7.602, de 7 de novembro de 2011, inclusive para propor a revis\u00e3o de suas compet\u00eancias estabelecidas no Decreto n\u00ba 10.905, de 2021. \u201cTrata-se de atribui\u00e7\u00e3o muito importante que passa a fazer parte da compet\u00eancia da CTPP. Entendo que \u00e9 um avan\u00e7o em termos de pol\u00edtica de SST e uma valoriza\u00e7\u00e3o desse f\u00f3rum tripartite\u201d, pontua o especialista.<\/p>\n<p><em>Fonte: Revista Prote\u00e7\u00e3o<\/em><\/p>\n","protected":false},"excerpt":{"rendered":"<p>No dia 1\u00ba de janeiro de 2023, foi publicado no Di\u00e1rio Oficial da Uni\u00e3o, o Decreto n\u00ba 11.359\u00a0que \u201caprova a Estrutura Regimental e o Quadro Demonstrativo dos Cargos em Comiss\u00e3o e das Fun\u00e7\u00f5es de Confian\u00e7a do Minist\u00e9rio do Trabalho e Emprego e remaneja cargos em comiss\u00e3o e fun\u00e7\u00f5es de confian\u00e7a\u201d. Conforme o anexo I do [&hellip;]<\/p>\n","protected":false},"author":1,"featured_media":0,"comment_status":"closed","ping_status":"closed","sticky":false,"template":"","format":"standard","meta":{"footnotes":""},"categories":[77],"tags":[],"_links":{"self":[{"href":"https:\/\/www.anamt.org.br\/portal\/wp-json\/wp\/v2\/posts\/46557"}],"collection":[{"href":"https:\/\/www.anamt.org.br\/portal\/wp-json\/wp\/v2\/posts"}],"about":[{"href":"https:\/\/www.anamt.org.br\/portal\/wp-json\/wp\/v2\/types\/post"}],"author":[{"embeddable":true,"href":"https:\/\/www.anamt.org.br\/portal\/wp-json\/wp\/v2\/users\/1"}],"replies":[{"embeddable":true,"href":"https:\/\/www.anamt.org.br\/portal\/wp-json\/wp\/v2\/comments?post=46557"}],"version-history":[{"count":0,"href":"https:\/\/www.anamt.org.br\/portal\/wp-json\/wp\/v2\/posts\/46557\/revisions"}],"wp:attachment":[{"href":"https:\/\/www.anamt.org.br\/portal\/wp-json\/wp\/v2\/media?parent=46557"}],"wp:term":[{"taxonomy":"category","embeddable":true,"href":"https:\/\/www.anamt.org.br\/portal\/wp-json\/wp\/v2\/categories?post=46557"},{"taxonomy":"post_tag","embeddable":true,"href":"https:\/\/www.anamt.org.br\/portal\/wp-json\/wp\/v2\/tags?post=46557"}],"curies":[{"name":"wp","href":"https:\/\/api.w.org\/{rel}","templated":true}]}}