{"id":46553,"date":"2023-01-10T11:34:06","date_gmt":"2023-01-10T14:34:06","guid":{"rendered":"https:\/\/www.anamt.org.br\/portal\/?p=46553"},"modified":"2023-01-10T11:34:06","modified_gmt":"2023-01-10T14:34:06","slug":"comunicado","status":"publish","type":"post","link":"https:\/\/www.anamt.org.br\/portal\/2023\/01\/10\/comunicado\/","title":{"rendered":"Comunicado"},"content":{"rendered":"<p>A Associa\u00e7\u00e3o Nacional de Medicina do Trabalho repudia as manifesta\u00e7\u00f5es ocorridas no \u00faltimo domingo, 8 de janeiro, em Bras\u00edlia (DF).<\/p>\n<p>Como entidade representativa dos M\u00e9dicos do Trabalho, esperamos que as autoridades competentes apurem e investiguem os fatos, assim como repudiamos a depreda\u00e7\u00e3o do patrim\u00f4nio p\u00fablico.<\/p>\n","protected":false},"excerpt":{"rendered":"<p>A Associa\u00e7\u00e3o Nacional de Medicina do Trabalho repudia as manifesta\u00e7\u00f5es ocorridas no \u00faltimo domingo, 8 de janeiro, em Bras\u00edlia (DF). Como entidade representativa dos M\u00e9dicos do Trabalho, esperamos que as autoridades competentes apurem e investiguem os fatos, assim como repudiamos a depreda\u00e7\u00e3o do patrim\u00f4nio p\u00fablico.<\/p>\n","protected":false},"author":1,"featured_media":0,"comment_status":"closed","ping_status":"closed","sticky":false,"template":"","format":"standard","meta":{"footnotes":""},"categories":[77],"tags":[],"_links":{"self":[{"href":"https:\/\/www.anamt.org.br\/portal\/wp-json\/wp\/v2\/posts\/46553"}],"collection":[{"href":"https:\/\/www.anamt.org.br\/portal\/wp-json\/wp\/v2\/posts"}],"about":[{"href":"https:\/\/www.anamt.org.br\/portal\/wp-json\/wp\/v2\/types\/post"}],"author":[{"embeddable":true,"href":"https:\/\/www.anamt.org.br\/portal\/wp-json\/wp\/v2\/users\/1"}],"replies":[{"embeddable":true,"href":"https:\/\/www.anamt.org.br\/portal\/wp-json\/wp\/v2\/comments?post=46553"}],"version-history":[{"count":0,"href":"https:\/\/www.anamt.org.br\/portal\/wp-json\/wp\/v2\/posts\/46553\/revisions"}],"wp:attachment":[{"href":"https:\/\/www.anamt.org.br\/portal\/wp-json\/wp\/v2\/media?parent=46553"}],"wp:term":[{"taxonomy":"category","embeddable":true,"href":"https:\/\/www.anamt.org.br\/portal\/wp-json\/wp\/v2\/categories?post=46553"},{"taxonomy":"post_tag","embeddable":true,"href":"https:\/\/www.anamt.org.br\/portal\/wp-json\/wp\/v2\/tags?post=46553"}],"curies":[{"name":"wp","href":"https:\/\/api.w.org\/{rel}","templated":true}]}}