{"id":46538,"date":"2023-01-05T12:45:01","date_gmt":"2023-01-05T15:45:01","guid":{"rendered":"https:\/\/www.anamt.org.br\/portal\/?p=46538"},"modified":"2023-01-05T12:45:01","modified_gmt":"2023-01-05T15:45:01","slug":"anamt-virtual-webinario-aborda-telessaude-no-dia-10-de-janeiro","status":"publish","type":"post","link":"https:\/\/www.anamt.org.br\/portal\/2023\/01\/05\/anamt-virtual-webinario-aborda-telessaude-no-dia-10-de-janeiro\/","title":{"rendered":"ANAMT Virtual: Webin\u00e1rio aborda Telessa\u00fade no dia 10 de janeiro"},"content":{"rendered":"<p>A ANAMT retomar\u00e1 a programa\u00e7\u00e3o cient\u00edfica em 2023 com o primeiro Webin\u00e1rio ANAMT do ano, sobre Telessa\u00fade. A transmiss\u00e3o ser\u00e1 na pr\u00f3xima ter\u00e7a-feira, 10 de janeiro, \u00e0s 19h.<\/p>\n<p>Participar\u00e3o Dr. Alejandro Bullon, coordenador jur\u00eddico do Conselho Federal de Medicina (CFM), que abordar\u00e1 Aspectos Jur\u00eddicos da Lei n\u00ba 14.150\/23 (Lei da Telessa\u00fade) e a Compet\u00eancia Legal do CFM, e Gabriela Belkise, Rela\u00e7\u00f5es Institucionais e Governamentais do CFM, que falar\u00e1 sobre Impactos do Texto na Atua\u00e7\u00e3o dos M\u00e9dicos e T\u00e9cnica Legislativa.<\/p>\n<p>O webin\u00e1rio ser\u00e1 coordenado pela diretora cient\u00edfica da ANAMT, Dra. Rosylane Rocha, com participa\u00e7\u00e3o do presidente da entidade, Dr. Francisco Fernandes. Durante a transmiss\u00e3o, ser\u00e3o sorteadas quatro inscri\u00e7\u00f5es nos cursos pr\u00e9-congresso do 20\u00ba Congresso Nacional ANAMT, que ocorrer\u00e1 em outubro. Para participar do sorteio, \u00e9 preciso fazer a inscri\u00e7\u00e3o por meio de um formul\u00e1rio de inscri\u00e7\u00e3o que ser\u00e1 disponibilizado na plataforma ANAMT Virtual. O sorteio ser\u00e1 feito durante o webin\u00e1rio e s\u00f3 ser\u00e3o contemplados os sorteados que estiverem online no momento do sorteio.<\/p>\n<p>O acesso \u00e0 ANAMT Virtual \u00e9 um benef\u00edcio exclusivo de todos os associados adimplentes da entidade. Para acompanhar, acesse: <a href=\"http:\/\/anamt.virtual.org.br\" target=\"_blank\" rel=\"noopener\">anamt.virtual.org.br<\/a>.<\/p>\n<div><\/div>\n","protected":false},"excerpt":{"rendered":"<p>A ANAMT retomar\u00e1 a programa\u00e7\u00e3o cient\u00edfica em 2023 com o primeiro Webin\u00e1rio ANAMT do ano, sobre Telessa\u00fade. A transmiss\u00e3o ser\u00e1 na pr\u00f3xima ter\u00e7a-feira, 10 de janeiro, \u00e0s 19h. Participar\u00e3o Dr. Alejandro Bullon, coordenador jur\u00eddico do Conselho Federal de Medicina (CFM), que abordar\u00e1 Aspectos Jur\u00eddicos da Lei n\u00ba 14.150\/23 (Lei da Telessa\u00fade) e a Compet\u00eancia Legal [&hellip;]<\/p>\n","protected":false},"author":1,"featured_media":0,"comment_status":"closed","ping_status":"closed","sticky":false,"template":"","format":"standard","meta":{"footnotes":""},"categories":[77],"tags":[],"_links":{"self":[{"href":"https:\/\/www.anamt.org.br\/portal\/wp-json\/wp\/v2\/posts\/46538"}],"collection":[{"href":"https:\/\/www.anamt.org.br\/portal\/wp-json\/wp\/v2\/posts"}],"about":[{"href":"https:\/\/www.anamt.org.br\/portal\/wp-json\/wp\/v2\/types\/post"}],"author":[{"embeddable":true,"href":"https:\/\/www.anamt.org.br\/portal\/wp-json\/wp\/v2\/users\/1"}],"replies":[{"embeddable":true,"href":"https:\/\/www.anamt.org.br\/portal\/wp-json\/wp\/v2\/comments?post=46538"}],"version-history":[{"count":0,"href":"https:\/\/www.anamt.org.br\/portal\/wp-json\/wp\/v2\/posts\/46538\/revisions"}],"wp:attachment":[{"href":"https:\/\/www.anamt.org.br\/portal\/wp-json\/wp\/v2\/media?parent=46538"}],"wp:term":[{"taxonomy":"category","embeddable":true,"href":"https:\/\/www.anamt.org.br\/portal\/wp-json\/wp\/v2\/categories?post=46538"},{"taxonomy":"post_tag","embeddable":true,"href":"https:\/\/www.anamt.org.br\/portal\/wp-json\/wp\/v2\/tags?post=46538"}],"curies":[{"name":"wp","href":"https:\/\/api.w.org\/{rel}","templated":true}]}}