{"id":46532,"date":"2023-01-05T08:31:00","date_gmt":"2023-01-05T11:31:00","guid":{"rendered":"https:\/\/www.anamt.org.br\/portal\/?p=46532"},"modified":"2023-01-05T08:31:00","modified_gmt":"2023-01-05T11:31:00","slug":"nisia-trindade-assume-saude-e-diz-que-gestao-sera-pautada-pela-ciencia","status":"publish","type":"post","link":"https:\/\/www.anamt.org.br\/portal\/2023\/01\/05\/nisia-trindade-assume-saude-e-diz-que-gestao-sera-pautada-pela-ciencia\/","title":{"rendered":"N\u00edsia Trindade assume Sa\u00fade e diz que gest\u00e3o ser\u00e1 pautada pela ci\u00eancia"},"content":{"rendered":"<p>A cientista e pesquisadora N\u00edsia Trindade assumiu hoje (2) o posto de ministra da Sa\u00fade. Durante cerim\u00f4nia de transmiss\u00e3o de cargo, no audit\u00f3rio da pasta, em Bras\u00edlia, ela cravou que sua gest\u00e3o ser\u00e1 pautada pela ci\u00eancia e pelo di\u00e1logo com a comunidade cient\u00edfica.<\/p>\n<p>Antes de iniciar sua fala, N\u00edsia foi homenageada por servidores da Funda\u00e7\u00e3o Oswaldo Cruz (Fiocruz), institui\u00e7\u00e3o que presidia at\u00e9 ent\u00e3o, lembrou que a pandemia de covid-19 ainda n\u00e3o acabou e refor\u00e7ou a import\u00e2ncia de se completar o esquema vacinal contra a doen\u00e7a.<\/p>\n<p>\u201cA pandemia mostrou a nossa vulnerabilidade. O rei est\u00e1 nu. Precisamos afirmar, sem nenhuma tergiversa\u00e7\u00e3o, e superar essa condi\u00e7\u00e3o\u201d, disse, ao destacar que o pa\u00eds responde por 11% das mortes por covid-19 no mundo, apesar de representar 2,7% da popula\u00e7\u00e3o global.<\/p>\n<p>Revoga\u00e7\u00f5es<br \/>\nN\u00edsia anunciou que a pasta, por meio de um grupo de trabalho, vai iniciar estudos no intuito de revogar portarias que ferem a ci\u00eancia, os direitos humanos e os direitos sexuais e reprodutivos. A expectativa, segundo ela, \u00e9 que os trabalhos sejam finalizados em at\u00e9 15 dias.<\/p>\n<p>A ministra adiantou \u00e1reas com decretos a serem revistos: sa\u00fade mental, incluindo atos que contrariam a luta antimanicomial; sa\u00fade da mulher; e atos que contrariem a recomenda\u00e7\u00e3o cient\u00edfica, citando especificamente a prescri\u00e7\u00e3o de cloroquina e hidroxicloroquina.<\/p>\n<p>Programa Nacional de Imuniza\u00e7\u00f5es<br \/>\nEm conversa com a imprensa, N\u00edsia anunciou a cria\u00e7\u00e3o de um departamento respons\u00e1vel por fortalecer o Programa Nacional de Imuniza\u00e7\u00f5es (PNI). Atualmente, o programa pertence a uma coordenadoria subordinada \u00e0 Secretaria de Vigil\u00e2ncia em Sa\u00fade.<\/p>\n<p>\u201cPor uma feliz coincid\u00eancia, assumo o cargo no Dia do Sanitarista. A sa\u00fade, como disse o sanitarista S\u00e9rgio Arouca, n\u00e3o \u00e9 aus\u00eancia de doen\u00e7a, mas uma condi\u00e7\u00e3o de bem estar f\u00edsico e mental\u201d, concluiu.<\/p>\n<p>Nomea\u00e7\u00f5es<br \/>\nConfira os nomes anunciados pela ministra durante a cerim\u00f4nia de transmiss\u00e3o de cargo:<\/p>\n<p>&#8211; Swedenberger do Nascimento Barbosa como secret\u00e1rio-executivo:<\/p>\n<p>&#8211; N\u00e9sio Fernandes como secret\u00e1rio de Aten\u00e7\u00e3o Prim\u00e1ria \u00e0 Sa\u00fade;<\/p>\n<p>&#8211; Helv\u00e9cio Magalh\u00e3es como secret\u00e1rio de Aten\u00e7\u00e3o Especializada \u00e0 Sa\u00fade;<\/p>\n<p>&#8211; Ethel Maciel como secret\u00e1ria de Vigil\u00e2ncia em Sa\u00fade e Ambiente;<\/p>\n<p>&#8211; Carlos Gadelha como secret\u00e1rio de Ci\u00eancia, Tecnologia, Inova\u00e7\u00e3o e Insumos Estrat\u00e9gicos;<\/p>\n<p>&#8211; Isabela Pinto como secret\u00e1ria de Gest\u00e3o do Trabalho e da Educa\u00e7\u00e3o na Sa\u00fade;<\/p>\n<p>&#8211; Ana Estela Haddad como secret\u00e1ria da Informa\u00e7\u00e3o e Sa\u00fade Digital;<\/p>\n<p>&#8211; Weibe Tapeba como secret\u00e1rio de Sa\u00fade Ind\u00edgena.<\/p>\n<p><em>Fonte: Ag\u00eancia Brasil<\/em><\/p>\n","protected":false},"excerpt":{"rendered":"<p>A cientista e pesquisadora N\u00edsia Trindade assumiu hoje (2) o posto de ministra da Sa\u00fade. Durante cerim\u00f4nia de transmiss\u00e3o de cargo, no audit\u00f3rio da pasta, em Bras\u00edlia, ela cravou que sua gest\u00e3o ser\u00e1 pautada pela ci\u00eancia e pelo di\u00e1logo com a comunidade cient\u00edfica. Antes de iniciar sua fala, N\u00edsia foi homenageada por servidores da Funda\u00e7\u00e3o [&hellip;]<\/p>\n","protected":false},"author":1,"featured_media":0,"comment_status":"closed","ping_status":"closed","sticky":false,"template":"","format":"standard","meta":{"footnotes":""},"categories":[77],"tags":[],"_links":{"self":[{"href":"https:\/\/www.anamt.org.br\/portal\/wp-json\/wp\/v2\/posts\/46532"}],"collection":[{"href":"https:\/\/www.anamt.org.br\/portal\/wp-json\/wp\/v2\/posts"}],"about":[{"href":"https:\/\/www.anamt.org.br\/portal\/wp-json\/wp\/v2\/types\/post"}],"author":[{"embeddable":true,"href":"https:\/\/www.anamt.org.br\/portal\/wp-json\/wp\/v2\/users\/1"}],"replies":[{"embeddable":true,"href":"https:\/\/www.anamt.org.br\/portal\/wp-json\/wp\/v2\/comments?post=46532"}],"version-history":[{"count":0,"href":"https:\/\/www.anamt.org.br\/portal\/wp-json\/wp\/v2\/posts\/46532\/revisions"}],"wp:attachment":[{"href":"https:\/\/www.anamt.org.br\/portal\/wp-json\/wp\/v2\/media?parent=46532"}],"wp:term":[{"taxonomy":"category","embeddable":true,"href":"https:\/\/www.anamt.org.br\/portal\/wp-json\/wp\/v2\/categories?post=46532"},{"taxonomy":"post_tag","embeddable":true,"href":"https:\/\/www.anamt.org.br\/portal\/wp-json\/wp\/v2\/tags?post=46532"}],"curies":[{"name":"wp","href":"https:\/\/api.w.org\/{rel}","templated":true}]}}