{"id":46527,"date":"2023-01-04T10:39:52","date_gmt":"2023-01-04T13:39:52","guid":{"rendered":"https:\/\/www.anamt.org.br\/portal\/?p=46527"},"modified":"2023-01-04T10:39:52","modified_gmt":"2023-01-04T13:39:52","slug":"anamt-parabeniza-dra-jandira-dantas-medica-do-trabalho-pelos-seus-91-anos","status":"publish","type":"post","link":"https:\/\/www.anamt.org.br\/portal\/2023\/01\/04\/anamt-parabeniza-dra-jandira-dantas-medica-do-trabalho-pelos-seus-91-anos\/","title":{"rendered":"ANAMT parabeniza Dra. Jandira Dantas, m\u00e9dica do trabalho, pelos seus 91 anos"},"content":{"rendered":"<p>A ANAMT parabeniza Dra. Jandira Dantas, M\u00e9dica do Trabalho de Pernambuco que completou 91 anos no dia 31 de dezembro. Seu trabalho ao longo dos anos foi de extrema import\u00e2ncia para o desenvolvimento da Medicina do Trabalho no Brasil e para a ANAMT.<\/p>\n<p>Dra. Jandira \u00e9 especialista em Medicina do Trabalho pela AMB, em Negocia\u00e7\u00e3o e Acordos Coletivos de Trabalho, \u00e9 auditora fiscal aposentada do Minist\u00e9rio do Trabalho e Emprego e atua como perita da Justi\u00e7a do Trabalho, entre outras especializa\u00e7\u00f5es e experi\u00eancias profissionais.<\/p>\n<p><img decoding=\"async\" class=\"aligncenter wp-image-46528 size-large\" src=\"https:\/\/www.anamt.org.br\/portal\/wp-content\/uploads\/2023\/01\/WhatsApp-Image-2023-01-03-at-07.26.20-1-460x1024.jpeg\" alt=\"\" width=\"460\" height=\"1024\" \/><\/p>\n","protected":false},"excerpt":{"rendered":"<p>A ANAMT parabeniza Dra. Jandira Dantas, M\u00e9dica do Trabalho de Pernambuco que completou 91 anos no dia 31 de dezembro. Seu trabalho ao longo dos anos foi de extrema import\u00e2ncia para o desenvolvimento da Medicina do Trabalho no Brasil e para a ANAMT. Dra. Jandira \u00e9 especialista em Medicina do Trabalho pela AMB, em Negocia\u00e7\u00e3o [&hellip;]<\/p>\n","protected":false},"author":1,"featured_media":0,"comment_status":"closed","ping_status":"closed","sticky":false,"template":"","format":"standard","meta":{"footnotes":""},"categories":[77],"tags":[],"_links":{"self":[{"href":"https:\/\/www.anamt.org.br\/portal\/wp-json\/wp\/v2\/posts\/46527"}],"collection":[{"href":"https:\/\/www.anamt.org.br\/portal\/wp-json\/wp\/v2\/posts"}],"about":[{"href":"https:\/\/www.anamt.org.br\/portal\/wp-json\/wp\/v2\/types\/post"}],"author":[{"embeddable":true,"href":"https:\/\/www.anamt.org.br\/portal\/wp-json\/wp\/v2\/users\/1"}],"replies":[{"embeddable":true,"href":"https:\/\/www.anamt.org.br\/portal\/wp-json\/wp\/v2\/comments?post=46527"}],"version-history":[{"count":0,"href":"https:\/\/www.anamt.org.br\/portal\/wp-json\/wp\/v2\/posts\/46527\/revisions"}],"wp:attachment":[{"href":"https:\/\/www.anamt.org.br\/portal\/wp-json\/wp\/v2\/media?parent=46527"}],"wp:term":[{"taxonomy":"category","embeddable":true,"href":"https:\/\/www.anamt.org.br\/portal\/wp-json\/wp\/v2\/categories?post=46527"},{"taxonomy":"post_tag","embeddable":true,"href":"https:\/\/www.anamt.org.br\/portal\/wp-json\/wp\/v2\/tags?post=46527"}],"curies":[{"name":"wp","href":"https:\/\/api.w.org\/{rel}","templated":true}]}}