{"id":46503,"date":"2023-01-02T17:20:37","date_gmt":"2023-01-02T20:20:37","guid":{"rendered":"https:\/\/www.anamt.org.br\/portal\/?p=46503"},"modified":"2023-01-02T17:20:37","modified_gmt":"2023-01-02T20:20:37","slug":"programa-de-conservacao-vocal-e-tema-do-novo-podcast-anamt","status":"publish","type":"post","link":"https:\/\/www.anamt.org.br\/portal\/2023\/01\/02\/programa-de-conservacao-vocal-e-tema-do-novo-podcast-anamt\/","title":{"rendered":"Programa de Conserva\u00e7\u00e3o Vocal \u00e9 tema do novo Podcast ANAMT"},"content":{"rendered":"<p>Por Programa de Conserva\u00e7\u00e3o Vocal (PCV) entende-se o conjunto de a\u00e7\u00f5es voltadas a preven\u00e7\u00e3o do surgimento de altera\u00e7\u00f5es da voz relacionadas ao trabalho. Este programa visa a melhora da seguran\u00e7a e conforto no uso do profissional da voz, que, no advento de altera\u00e7\u00e3o da mesma, tem a possibilidade de ser tratada precocemente, visando o restabelecimento mais r\u00e1pido.<\/p>\n<p><iframe style=\"border-radius: 12px;\" src=\"https:\/\/open.spotify.com\/embed\/episode\/4bS51rzW6juNxOITZToMzS?utm_source=generator\" width=\"100%\" height=\"352\" frameborder=\"0\" allowfullscreen=\"allowfullscreen\"><\/iframe><\/p>\n<p>Os podcasts da Anamt tamb\u00e9m podem ser ouvidos gratuitamente na distribuidora Anchor e em outras plataformas, sem a requisi\u00e7\u00e3o do download de aplicativo ou cria\u00e7\u00e3o de uma conta para acesso. Confira as op\u00e7\u00f5es <a href=\"https:\/\/anchor.fm\/podcast-anamt\" target=\"_blank\" rel=\"noopener\"><strong>aqui<\/strong><\/a>.<\/p>\n<p>O texto est\u00e1 dispon\u00edvel <a href=\"https:\/\/www.anamt.org.br\/portal\/wp-content\/uploads\/2023\/01\/Podcast-74-Programa-de-Conservacao-Vocal.pdf\" target=\"_blank\" rel=\"noopener\"><strong>aqui<\/strong><\/a>.<\/p>\n","protected":false},"excerpt":{"rendered":"<p>Por Programa de Conserva\u00e7\u00e3o Vocal (PCV) entende-se o conjunto de a\u00e7\u00f5es voltadas a preven\u00e7\u00e3o do surgimento de altera\u00e7\u00f5es da voz relacionadas ao trabalho. Este programa visa a melhora da seguran\u00e7a e conforto no uso do profissional da voz, que, no advento de altera\u00e7\u00e3o da mesma, tem a possibilidade de ser tratada precocemente, visando o restabelecimento [&hellip;]<\/p>\n","protected":false},"author":1,"featured_media":0,"comment_status":"closed","ping_status":"closed","sticky":false,"template":"","format":"standard","meta":{"footnotes":""},"categories":[77,242],"tags":[],"_links":{"self":[{"href":"https:\/\/www.anamt.org.br\/portal\/wp-json\/wp\/v2\/posts\/46503"}],"collection":[{"href":"https:\/\/www.anamt.org.br\/portal\/wp-json\/wp\/v2\/posts"}],"about":[{"href":"https:\/\/www.anamt.org.br\/portal\/wp-json\/wp\/v2\/types\/post"}],"author":[{"embeddable":true,"href":"https:\/\/www.anamt.org.br\/portal\/wp-json\/wp\/v2\/users\/1"}],"replies":[{"embeddable":true,"href":"https:\/\/www.anamt.org.br\/portal\/wp-json\/wp\/v2\/comments?post=46503"}],"version-history":[{"count":0,"href":"https:\/\/www.anamt.org.br\/portal\/wp-json\/wp\/v2\/posts\/46503\/revisions"}],"wp:attachment":[{"href":"https:\/\/www.anamt.org.br\/portal\/wp-json\/wp\/v2\/media?parent=46503"}],"wp:term":[{"taxonomy":"category","embeddable":true,"href":"https:\/\/www.anamt.org.br\/portal\/wp-json\/wp\/v2\/categories?post=46503"},{"taxonomy":"post_tag","embeddable":true,"href":"https:\/\/www.anamt.org.br\/portal\/wp-json\/wp\/v2\/tags?post=46503"}],"curies":[{"name":"wp","href":"https:\/\/api.w.org\/{rel}","templated":true}]}}