{"id":46500,"date":"2022-12-30T21:24:18","date_gmt":"2022-12-31T00:24:18","guid":{"rendered":"https:\/\/www.anamt.org.br\/portal\/?p=46500"},"modified":"2022-12-30T21:24:18","modified_gmt":"2022-12-31T00:24:18","slug":"ao-final-de-sua-gestao-a-frente-da-anamt-dra-rosylane-rocha-divulga-mensagem-de-agradecimento","status":"publish","type":"post","link":"https:\/\/www.anamt.org.br\/portal\/2022\/12\/30\/ao-final-de-sua-gestao-a-frente-da-anamt-dra-rosylane-rocha-divulga-mensagem-de-agradecimento\/","title":{"rendered":"Ao final de sua gest\u00e3o \u00e0 frente da ANAMT, Dra. Rosylane Rocha divulga mensagem de agradecimento"},"content":{"rendered":"<p>A presidente da ANAMT, Dra. Rosylane Rocha, publicou um texto de agradecimento pelo seu per\u00edodo na presid\u00eancia da Associa\u00e7\u00e3o. A mensagem est\u00e1 dispon\u00edvel abaixo:<\/p>\n<blockquote><p>Neste dia 31 de dezembro de 2022, eu encerro a minha gest\u00e3o como Presidente da Associa\u00e7\u00e3o Nacional de Medicina do Trabalho.<\/p>\n<p>Iniciamos a gest\u00e3o como amigos e finalizamos como irm\u00e3os.<br \/>\nSem os colaboradores da ANAMT, fornecedores, Diretores, Presidentes de Federadas, centenas de m\u00e9dicos nos apoiando n\u00e3o teria sido poss\u00edvel realizar tantas a\u00e7\u00f5es, erguer a ANAMT e fortalecer a nossa especialidade, superando tantos desafios.<\/p>\n<p>Obrigada a todos pela amizade, confian\u00e7a, lealdade, parceria, apoio, companheirismo, dedica\u00e7\u00e3o, cuidado e paci\u00eancia comigo!!! Voc\u00eas s\u00e3o formid\u00e1veis!<\/p>\n<p>N\u00e3o preciso citar os nomes. Voc\u00eas bem sabem quem s\u00e3o! Vamos seguir ainda mais Unidos do que nunca, trabalhar muito mais sob a batuta do Prof Francisco. Certeza de sucesso!<\/p>\n<p>Que seja um Novo Ano repleto de ben\u00e7\u00e3os de Deus!<\/p>\n<p>Abra\u00e7o forte e fraterno,<\/p>\n<p>Dra. Rosylane Rocha<\/p>\n<p>Presidente da ANAMT<\/p><\/blockquote>\n<p>&nbsp;<\/p>\n<p>A partir de 2023, a ANAMT ser\u00e1 presidida por Dr. Francisco Cortes Fernandes.<\/p>\n","protected":false},"excerpt":{"rendered":"<p>A presidente da ANAMT, Dra. Rosylane Rocha, publicou um texto de agradecimento pelo seu per\u00edodo na presid\u00eancia da Associa\u00e7\u00e3o. A mensagem est\u00e1 dispon\u00edvel abaixo: Neste dia 31 de dezembro de 2022, eu encerro a minha gest\u00e3o como Presidente da Associa\u00e7\u00e3o Nacional de Medicina do Trabalho. Iniciamos a gest\u00e3o como amigos e finalizamos como irm\u00e3os. Sem [&hellip;]<\/p>\n","protected":false},"author":1,"featured_media":0,"comment_status":"closed","ping_status":"closed","sticky":false,"template":"","format":"standard","meta":{"footnotes":""},"categories":[77],"tags":[],"_links":{"self":[{"href":"https:\/\/www.anamt.org.br\/portal\/wp-json\/wp\/v2\/posts\/46500"}],"collection":[{"href":"https:\/\/www.anamt.org.br\/portal\/wp-json\/wp\/v2\/posts"}],"about":[{"href":"https:\/\/www.anamt.org.br\/portal\/wp-json\/wp\/v2\/types\/post"}],"author":[{"embeddable":true,"href":"https:\/\/www.anamt.org.br\/portal\/wp-json\/wp\/v2\/users\/1"}],"replies":[{"embeddable":true,"href":"https:\/\/www.anamt.org.br\/portal\/wp-json\/wp\/v2\/comments?post=46500"}],"version-history":[{"count":0,"href":"https:\/\/www.anamt.org.br\/portal\/wp-json\/wp\/v2\/posts\/46500\/revisions"}],"wp:attachment":[{"href":"https:\/\/www.anamt.org.br\/portal\/wp-json\/wp\/v2\/media?parent=46500"}],"wp:term":[{"taxonomy":"category","embeddable":true,"href":"https:\/\/www.anamt.org.br\/portal\/wp-json\/wp\/v2\/categories?post=46500"},{"taxonomy":"post_tag","embeddable":true,"href":"https:\/\/www.anamt.org.br\/portal\/wp-json\/wp\/v2\/tags?post=46500"}],"curies":[{"name":"wp","href":"https:\/\/api.w.org\/{rel}","templated":true}]}}