{"id":46492,"date":"2023-01-02T08:17:29","date_gmt":"2023-01-02T11:17:29","guid":{"rendered":"https:\/\/www.anamt.org.br\/portal\/?p=46492"},"modified":"2023-01-02T08:17:29","modified_gmt":"2023-01-02T11:17:29","slug":"dr-francisco-fernandes-novo-presidente-da-anamt-divulga-carta-de-apresentacao","status":"publish","type":"post","link":"https:\/\/www.anamt.org.br\/portal\/2023\/01\/02\/dr-francisco-fernandes-novo-presidente-da-anamt-divulga-carta-de-apresentacao\/","title":{"rendered":"Dr. Francisco Fernandes, novo presidente da ANAMT, divulga carta de apresenta\u00e7\u00e3o"},"content":{"rendered":"<p>O novo presidente da ANAMT, Dr. Francisco Cortes Fernandes, divulgou uma carta de apresenta\u00e7\u00e3o aos associados da ANAMT, na qual agradece aos demais membros da diretoria e a\u00e7\u00f5es recentes do grupo. O texto est\u00e1 dispon\u00edvel abaixo:<\/p>\n<blockquote><p>Caros colegas,<\/p>\n<p>\u00c9 com enorme satisfa\u00e7\u00e3o que assumo a presid\u00eancia da nossa Associa\u00e7\u00e3o Nacional de Medicina do Trabalho para o tri\u00eanio 2023-2025.<\/p>\n<p>Inicialmente gostaria de agradecer enormemente o apoio recebido durante a campanha eleitoral, assumindo desde j\u00e1 o compromisso de direcionar meus maiores esfor\u00e7os no cumprimento de nossa plataforma de campanha.<\/p>\n<p>Creio que teremos grandes desafios a serem superados em rela\u00e7\u00e3o a Medicina em geral e especialmente em rela\u00e7\u00e3o a Medicina do Trabalho, com novos marcos regulat\u00f3rios que devem ser estudados criteriosamente quanto aos poss\u00edveis impactos em nossa pr\u00e1tica di\u00e1ria.<\/p>\n<p>No m\u00eas de dezembro, a futura diretoria esteve reunida em S\u00e3o Paulo, objetivando o planejamento estrat\u00e9gico para os pr\u00f3ximos 3 anos de gest\u00e3o. J\u00e1 estamos divulgando alguns projetos gestados neste planejamento. Aguardem para breve, outras novidades.<\/p>\n<p>Gostaria de apresentar publicamente meus agradecimentos a Dra. Rosylane Rocha, que aceitou o desafio da Diretoria Cient\u00edfica da nossa associa\u00e7\u00e3o. Conhecendo sua capacidade de trabalho, podemos esperar grande novidades nesta diretoria, tanto em rela\u00e7\u00e3o ao 20\u00ba Congresso ANAMT 2023, quanto a outras atividades da plataforma Anamt Virtual.<\/p>\n<p>Aos outros diretores, gostaria de expressar meu profundo agradecimento pelo apoio e pela disponibilidade em prestar este servi\u00e7o a nossa ANAMT. Tenho certeza do seu comprometimento e capacidade de trabalho em prol da nossa especialidade.<\/p>\n<p>Da mesma forma agrade\u00e7o, nosso Vice-Presidente, Dr. Valker Lacerda e nossos Presidentes de Federadas, que est\u00e3o comprometidos com esta gest\u00e3o.<\/p>\n<p>Resta finalizar, desejando a todos os M\u00e9dicos do Trabalho um excelente 2023, repleto de realiza\u00e7\u00f5es e alegria e que possamos ter uma ANAMT maior e unida, posto que, s\u00f3 assim, cresceremos.<\/p>\n<p>Um grande e fraterno abra\u00e7o.<\/p>\n<p>Francisco Cortes Fernandes<br \/>\nPresidente da ANAMT<\/p><\/blockquote>\n","protected":false},"excerpt":{"rendered":"<p>O novo presidente da ANAMT, Dr. Francisco Cortes Fernandes, divulgou uma carta de apresenta\u00e7\u00e3o aos associados da ANAMT, na qual agradece aos demais membros da diretoria e a\u00e7\u00f5es recentes do grupo. O texto est\u00e1 dispon\u00edvel abaixo: Caros colegas, \u00c9 com enorme satisfa\u00e7\u00e3o que assumo a presid\u00eancia da nossa Associa\u00e7\u00e3o Nacional de Medicina do Trabalho para [&hellip;]<\/p>\n","protected":false},"author":1,"featured_media":0,"comment_status":"closed","ping_status":"closed","sticky":false,"template":"","format":"standard","meta":{"footnotes":""},"categories":[77],"tags":[],"_links":{"self":[{"href":"https:\/\/www.anamt.org.br\/portal\/wp-json\/wp\/v2\/posts\/46492"}],"collection":[{"href":"https:\/\/www.anamt.org.br\/portal\/wp-json\/wp\/v2\/posts"}],"about":[{"href":"https:\/\/www.anamt.org.br\/portal\/wp-json\/wp\/v2\/types\/post"}],"author":[{"embeddable":true,"href":"https:\/\/www.anamt.org.br\/portal\/wp-json\/wp\/v2\/users\/1"}],"replies":[{"embeddable":true,"href":"https:\/\/www.anamt.org.br\/portal\/wp-json\/wp\/v2\/comments?post=46492"}],"version-history":[{"count":0,"href":"https:\/\/www.anamt.org.br\/portal\/wp-json\/wp\/v2\/posts\/46492\/revisions"}],"wp:attachment":[{"href":"https:\/\/www.anamt.org.br\/portal\/wp-json\/wp\/v2\/media?parent=46492"}],"wp:term":[{"taxonomy":"category","embeddable":true,"href":"https:\/\/www.anamt.org.br\/portal\/wp-json\/wp\/v2\/categories?post=46492"},{"taxonomy":"post_tag","embeddable":true,"href":"https:\/\/www.anamt.org.br\/portal\/wp-json\/wp\/v2\/tags?post=46492"}],"curies":[{"name":"wp","href":"https:\/\/api.w.org\/{rel}","templated":true}]}}