{"id":46321,"date":"2022-11-30T14:57:36","date_gmt":"2022-11-30T17:57:36","guid":{"rendered":"https:\/\/www.anamt.org.br\/portal\/?p=46321"},"modified":"2022-11-30T14:57:36","modified_gmt":"2022-11-30T17:57:36","slug":"subsecretaria-de-inspecao-do-trabalho-realiza-4o-semana-capacitasit","status":"publish","type":"post","link":"https:\/\/www.anamt.org.br\/portal\/2022\/11\/30\/subsecretaria-de-inspecao-do-trabalho-realiza-4o-semana-capacitasit\/","title":{"rendered":"Subsecretaria de Inspe\u00e7\u00e3o do Trabalho realiza 4\u00ba Semana CapacitaSIT"},"content":{"rendered":"<p><img decoding=\"async\" class=\"aligncenter wp-image-46322 size-fusion-600\" src=\"https:\/\/www.anamt.org.br\/portal\/wp-content\/uploads\/2022\/11\/WhatsApp-Image-2022-11-30-at-11.18.19-600x600.jpeg\" alt=\"\" width=\"600\" height=\"600\" \/><\/p>\n<p>Entre os dias 6 e 9 de dezembro, a Subsecretaria de Inspe\u00e7\u00e3o do Trabalho realizar\u00e1 a quarta edi\u00e7\u00e3o da Semana CapacitaSIT, evento transmitido ao vivo pelo YouTube com palestras e debates sobre temas relevantes para os profissionais de SST. Dr. Ricardo Tureko, diretor de Rela\u00e7\u00f5es Internacionais da ANAMT, ser\u00e1 um dos palestrantes no \u00faltimo dia do evento.<\/p>\n<p>Confira a programa\u00e7\u00e3o abaixo:<\/p>\n<p>06\/12 &#8211; Ter\u00e7a-feira<\/p>\n<p>09h Abertura<br \/>\n09h20 Nova NR 04<br \/>\n10h20 Informa\u00e7\u00f5es Canpat 2022<br \/>\n10h30 Palestra especial: Revolucionando CIPA e SESMT<br \/>\n11h Encerramento<\/p>\n<p>07\/12 &#8211; Quarta-feira<br \/>\n09h Abertura<br \/>\n09h05 Montagem e utiliza\u00e7\u00e3o de andaimes<br \/>\n10h20 Instala\u00e7\u00f5es El\u00e9tricas em canteiros de obras<br \/>\n11h30 Encerramento<\/p>\n<p>08\/12 &#8211; Quinta-feira<br \/>\n09h Abertura<br \/>\n09h05 Trabalho em espa\u00e7o confinado (NR 33)<br \/>\n10h25 Principais mudan\u00e7as da NR 13<br \/>\n11h30 Encerramento<\/p>\n<p>09\/12 &#8211; Sexta-feira<br \/>\n08h Abertura<br \/>\n08h05 Trabalho Remoto<br \/>\n09h15 Palestra especial: Construindo ambientes saud\u00e1veis, seguros e produtivos<br \/>\n10h05 Balan\u00e7o CANPAT 2022 e DNSSE<br \/>\n10h30 Encerramento<\/p>\n<div class=\"video-shortcode\"><iframe title=\"4\u00aa Semana CapacitaSIT - Nova NR 04 - Revolucione a sua CIPA e seu SESMT\" width=\"1500\" height=\"844\" src=\"https:\/\/www.youtube.com\/embed\/ovAWkRqA17A?feature=oembed\" frameborder=\"0\" allow=\"accelerometer; autoplay; clipboard-write; encrypted-media; gyroscope; picture-in-picture; web-share\" allowfullscreen><\/iframe><\/div>\n<p>&nbsp;<\/p>\n","protected":false},"excerpt":{"rendered":"<p>Entre os dias 6 e 9 de dezembro, a Subsecretaria de Inspe\u00e7\u00e3o do Trabalho realizar\u00e1 a quarta edi\u00e7\u00e3o da Semana CapacitaSIT, evento transmitido ao vivo pelo YouTube com palestras e debates sobre temas relevantes para os profissionais de SST. Dr. Ricardo Tureko, diretor de Rela\u00e7\u00f5es Internacionais da ANAMT, ser\u00e1 um dos palestrantes no \u00faltimo dia [&hellip;]<\/p>\n","protected":false},"author":1,"featured_media":0,"comment_status":"closed","ping_status":"closed","sticky":false,"template":"","format":"standard","meta":{"footnotes":""},"categories":[77],"tags":[],"_links":{"self":[{"href":"https:\/\/www.anamt.org.br\/portal\/wp-json\/wp\/v2\/posts\/46321"}],"collection":[{"href":"https:\/\/www.anamt.org.br\/portal\/wp-json\/wp\/v2\/posts"}],"about":[{"href":"https:\/\/www.anamt.org.br\/portal\/wp-json\/wp\/v2\/types\/post"}],"author":[{"embeddable":true,"href":"https:\/\/www.anamt.org.br\/portal\/wp-json\/wp\/v2\/users\/1"}],"replies":[{"embeddable":true,"href":"https:\/\/www.anamt.org.br\/portal\/wp-json\/wp\/v2\/comments?post=46321"}],"version-history":[{"count":0,"href":"https:\/\/www.anamt.org.br\/portal\/wp-json\/wp\/v2\/posts\/46321\/revisions"}],"wp:attachment":[{"href":"https:\/\/www.anamt.org.br\/portal\/wp-json\/wp\/v2\/media?parent=46321"}],"wp:term":[{"taxonomy":"category","embeddable":true,"href":"https:\/\/www.anamt.org.br\/portal\/wp-json\/wp\/v2\/categories?post=46321"},{"taxonomy":"post_tag","embeddable":true,"href":"https:\/\/www.anamt.org.br\/portal\/wp-json\/wp\/v2\/tags?post=46321"}],"curies":[{"name":"wp","href":"https:\/\/api.w.org\/{rel}","templated":true}]}}