{"id":46237,"date":"2022-11-08T17:25:22","date_gmt":"2022-11-08T20:25:22","guid":{"rendered":"https:\/\/www.anamt.org.br\/portal\/?p=46237"},"modified":"2022-11-08T17:25:22","modified_gmt":"2022-11-08T20:25:22","slug":"abertura-do-19o-congresso-nacional-anamt-destaca-trabalho-da-especialidade-e-realiza-homenagens","status":"publish","type":"post","link":"https:\/\/www.anamt.org.br\/portal\/2022\/11\/08\/abertura-do-19o-congresso-nacional-anamt-destaca-trabalho-da-especialidade-e-realiza-homenagens\/","title":{"rendered":"Abertura do 19\u00ba Congresso Nacional ANAMT destaca trabalho da especialidade e realiza homenagens"},"content":{"rendered":"<p>&nbsp;<\/p>\n<p><img decoding=\"async\" class=\"wp-image-46254 size-fusion-600 aligncenter\" src=\"https:\/\/www.anamt.org.br\/portal\/wp-content\/uploads\/2022\/11\/DSC_6194_-600x422.jpg\" alt=\"\" width=\"600\" height=\"422\" \/><\/p>\n<p>A ANAMT realizou na noite do dia 7 de novembro a abertura oficial do 19\u00ba Congresso Nacional ANAMT, em Jo\u00e3o Pessoa (PB). Compuseram a mesa solene do evento a presidente da Associa\u00e7\u00e3o, Dra. Rosylane Rocha, o diretor cient\u00edfico da entidade, Dr. Francisco Cortes Fernandes, o presidente regional do evento e da Associa\u00e7\u00e3o Paraibana de Medicina do Trabalho, Dr. Valker Lacerda, a vice-presidente da ANAMT, Dra. Rosani Araujo, o Assessor T\u00e9cnico com participa\u00e7\u00e3o na Diretoria de Rela\u00e7\u00f5es Internacionais da ANAMT, Dr. Ruddy Facci, que representou os ex-presidentes da entidade, o presidente do Conselho Federal de Medicina (CFM), Dr. Jos\u00e9 Hiran Gallo, Dr. Claudio Taboadela, representante da Sociedade de Medicina do Trabalho da Prov\u00edncia de Buenos Aires, Dr. C\u00e9sar Fernandes, presidente da Associa\u00e7\u00e3o M\u00e9dica Brasileira (AMB), Dr. Tadeu Calheiros, presidente da Federa\u00e7\u00e3o M\u00e9dica Brasileira (FMB).<\/p>\n<p>Em sua fala, Dra. Rosylane cumprimentou a equipe organizadora do evento e os membros da diretoria da ANAMT, agradecendo o trabalho de todos ao longo de sua gest\u00e3o como presidente da Associa\u00e7\u00e3o.<\/p>\n<p>&#8220;O futuro da ANAMT, da nossa especialidade e da empregabilidade dos M\u00e9dicos do Trabalho passa por nossas a\u00e7\u00f5es e comprometimento nas nossas pr\u00e1ticas m\u00e9dicas di\u00e1rias, da nossa atua\u00e7\u00e3o junto \u00e0 ANAMT e no ativismo pol\u00edtico no que tange a pr\u00e1tica m\u00e9dica. A ANAMT cresceu, se fortaleceu, trabalhamos pela valoriza\u00e7\u00e3o da especialidade e na defesa das prerrogativas dos m\u00e9dicos do trabalho&#8221;, destacou Dra. Rosylane, que tamb\u00e9m lembrou os desafios enfrentados durante a pandemia de Covid-19, homenageando os profissionais de todas as \u00e1reas que atuaram diretamente no atendimento relacionado \u00e0 doen\u00e7a e tamb\u00e9m aqueles que faleceram. Ela ainda destacou as realiza\u00e7\u00f5es do seu per\u00edodo na ANAMT, como a disponibiliza\u00e7\u00e3o de conte\u00fados como o podcast ANAMT, realiza\u00e7\u00e3o de webin\u00e1rios e produ\u00e7\u00e3o de guias sobre a Covid-19.<\/p>\n<p>&#8220;Temos pela frente muitas dificuldades e obst\u00e1culos para superar. \u00c9 preciso que o m\u00e9dico se coloque lado a lado daqueles que lutam pela nossa profiss\u00e3o&#8221;, ressaltou. Como exemplo de uma conquista obtida pela ANAMT, ela mencionou a manuten\u00e7\u00e3o dos M\u00e9dicos do Trabalho nas empresas ap\u00f3s a atualiza\u00e7\u00e3o da NR 4, que inicialmente previa a inclus\u00e3o de outros profissionais na fun\u00e7\u00e3o.<\/p>\n<p>Em seguida, Dr. Valker pontuou que esta gest\u00e3o da ANAMT foi sens\u00edvel com as causas m\u00e9dicas, das Federadas da ANAMT e com a realiza\u00e7\u00e3o de eventos nas regi\u00f5es Norte e Nordeste do Brasil. Dr. Hiran Gallo ressaltou a import\u00e2ncia da realiza\u00e7\u00e3o de um evento presencial ap\u00f3s a pandemia de Covid-19 e o trabalho da Associa\u00e7\u00e3o em prol da valoriza\u00e7\u00e3o da Medicina do Trabalho:<\/p>\n<p>&#8220;Esse evento tem grande valor simb\u00f3lico ao representar a retomada dos grandes encontros presenciais para uma das maiores especialidades m\u00e9dicas do nosso pa\u00eds&#8221;, pontuou.<\/p>\n<p>Dr. Cesar Fernandes destacou o trabalho da especialidade. &#8220;A Medicina do Trabalho \u00e9 muito importante por lidar com os trabalhadores e se prop\u00f5e \u00e0 preven\u00e7\u00e3o de acidentes e doen\u00e7as, mas com qualidade de vida, o que mostra a nobreza da especialidade&#8221;, ressaltou. Dr. Tadeu Calheiros destacou a proximidade das entidades m\u00e9dicas, que saem mais fortalecidas com isso.<\/p>\n<p>A vice-presidente da ANAMT, Dra. Rosani Araujo, parabenizou os colegas de profiss\u00e3o pela atua\u00e7\u00e3o na pandemia. &#8220;Estamos aqui hoje ap\u00f3s as dificuldades que passamos com as equipes multidisciplinares que nos acompanharam, nunca tivemos que estudar tanto. Meu sentimento \u00e9 de gratid\u00e3o por esta especialidade, de cuidar das pessoas&#8221;, disse.<\/p>\n<p>O diretor cient\u00edfico da Associa\u00e7\u00e3o e presidente eleito para a pr\u00f3xima gest\u00e3o, Dr. Francisco Fernandes desejou um excelente congresso aos presentes. &#8220;Vou dar o meu melhor como presidente da ANAMT para alcan\u00e7armos os objetivos da nossa especialidade&#8221;.<\/p>\n<p>Dr. Ruddy Facci falou sobre sua experi\u00eancia ao longo dos anos com as mudan\u00e7as na Medicina do Trabalho. &#8220;Nesses tr\u00eas anos, ser assessor da presid\u00eancia foi uma honra. Aproveitem o m\u00e1ximo o Congresso&#8221;. Dr. Claudio Taboadela parabenizou a Dra. Rosylane pelo seu per\u00edodo como presidente da ANAMT e desejou sucesso ao Dr. Francisco durante o seu mandato.<\/p>\n<p><img decoding=\"async\" class=\"wp-image-46239 size-fusion-600 aligncenter\" src=\"https:\/\/www.anamt.org.br\/portal\/wp-content\/uploads\/2022\/11\/aberturacongressoanamt3-600x302.png\" alt=\"\" width=\"600\" height=\"302\" \/><\/p>\n<p>Em seguida, foi exibido um <strong><a href=\"https:\/\/www.instagram.com\/reel\/CkwFl4Dr30_\/\" target=\"_blank\" rel=\"noopener\">v\u00eddeo<\/a><\/strong> do ministro da Sa\u00fade, Dr. Marcelo Queiroga, em que ele parabeniza a ANAMT pelo Congresso e destaca a import\u00e2ncia da Medicina do Trabalho.<\/p>\n<p>&#8220;Durante a pandemia de Covid-19, os M\u00e9dicos do Trabalho mostraram o seu valor e trabalharam para garantir a seguran\u00e7a dos trabalhadores e, com isso, colaboraram com o sistema de sa\u00fade do Brasil. Sabemos que voc\u00eas exercem um papel muito importante na aten\u00e7\u00e3o prim\u00e1ria \u00e0 sa\u00fade, cuidando da sa\u00fade dos nossos trabalhadores&#8221;, ressaltou o ministro.<\/p>\n<p>Na abertura do Congresso tamb\u00e9m foram entregues homenagens a M\u00e9dicos do Trabalho pelos relevantes servi\u00e7os prestados em suas carreiras. Dr. Alfredo Nunes, Dr. Amaury Prieto, Dr. Edoardo Santino, Dr. Raimundo Martins e Dr. Jos\u00e9 Carlos Ribeiro foram alguns dos que receberam as homenagens. O reconhecimento tamb\u00e9m foi entregue in memorian a outros m\u00e9dicos do trabalho, como Dr. Charles Amoury, Dr. Jarbas Simas, Dr. Jonas Bonatto, Dra. Maria Luisa S\u00e1, Dr. Jo\u00e3o Fonseca, Dr. Antonio Santana e Dr. Ivan Lins Modesto.<\/p>\n<p>O evento foi encerrado com uma apresenta\u00e7\u00e3o de forr\u00f3 e um show da banda Overload.<\/p>\n","protected":false},"excerpt":{"rendered":"<p>&nbsp; A ANAMT realizou na noite do dia 7 de novembro a abertura oficial do 19\u00ba Congresso Nacional ANAMT, em Jo\u00e3o Pessoa (PB). Compuseram a mesa solene do evento a presidente da Associa\u00e7\u00e3o, Dra. Rosylane Rocha, o diretor cient\u00edfico da entidade, Dr. Francisco Cortes Fernandes, o presidente regional do evento e da Associa\u00e7\u00e3o Paraibana de [&hellip;]<\/p>\n","protected":false},"author":1,"featured_media":0,"comment_status":"closed","ping_status":"closed","sticky":false,"template":"","format":"standard","meta":{"footnotes":""},"categories":[77],"tags":[],"_links":{"self":[{"href":"https:\/\/www.anamt.org.br\/portal\/wp-json\/wp\/v2\/posts\/46237"}],"collection":[{"href":"https:\/\/www.anamt.org.br\/portal\/wp-json\/wp\/v2\/posts"}],"about":[{"href":"https:\/\/www.anamt.org.br\/portal\/wp-json\/wp\/v2\/types\/post"}],"author":[{"embeddable":true,"href":"https:\/\/www.anamt.org.br\/portal\/wp-json\/wp\/v2\/users\/1"}],"replies":[{"embeddable":true,"href":"https:\/\/www.anamt.org.br\/portal\/wp-json\/wp\/v2\/comments?post=46237"}],"version-history":[{"count":0,"href":"https:\/\/www.anamt.org.br\/portal\/wp-json\/wp\/v2\/posts\/46237\/revisions"}],"wp:attachment":[{"href":"https:\/\/www.anamt.org.br\/portal\/wp-json\/wp\/v2\/media?parent=46237"}],"wp:term":[{"taxonomy":"category","embeddable":true,"href":"https:\/\/www.anamt.org.br\/portal\/wp-json\/wp\/v2\/categories?post=46237"},{"taxonomy":"post_tag","embeddable":true,"href":"https:\/\/www.anamt.org.br\/portal\/wp-json\/wp\/v2\/tags?post=46237"}],"curies":[{"name":"wp","href":"https:\/\/api.w.org\/{rel}","templated":true}]}}