{"id":46212,"date":"2022-11-06T10:47:42","date_gmt":"2022-11-06T13:47:42","guid":{"rendered":"https:\/\/www.anamt.org.br\/portal\/?p=46212"},"modified":"2022-11-06T10:47:42","modified_gmt":"2022-11-06T13:47:42","slug":"19o-congresso-nacional-esquenta-realiza-i-encontro-de-medicos-do-trabalho-engenheiros-de-seguranca-e-auditores-fiscais-do-trabalho-e-workshop-politicas-de-atencao-a-saude-do-servidor-publico","status":"publish","type":"post","link":"https:\/\/www.anamt.org.br\/portal\/2022\/11\/06\/19o-congresso-nacional-esquenta-realiza-i-encontro-de-medicos-do-trabalho-engenheiros-de-seguranca-e-auditores-fiscais-do-trabalho-e-workshop-politicas-de-atencao-a-saude-do-servidor-publico\/","title":{"rendered":"19\u00ba Congresso Nacional: ANAMT realiza Esquenta antes do evento"},"content":{"rendered":"<p><img decoding=\"async\" class=\" wp-image-46213 aligncenter\" src=\"https:\/\/www.anamt.org.br\/portal\/wp-content\/uploads\/2022\/11\/WhatsApp-Image-2022-11-06-at-08.43.41-300x251.jpeg\" alt=\"\" width=\"378\" height=\"316\" \/><\/p>\n<p>Neste s\u00e1bado (5), a ANAMT realizou a programa\u00e7\u00e3o de Esquenta do 19\u00ba Congresso Nacional ANAMT. Ocorreram o I Encontro de M\u00e9dicos do Trabalho, Engenheiros de Seguran\u00e7a e Auditores Fiscais do Trabalho e, \u00e0 tarde, o Workshop Pol\u00edticas de Aten\u00e7\u00e3o \u00e0 Sa\u00fade do Servidor P\u00fablico. Entre os participantes, Dr. Raimundo Montenegro, representante da Associa\u00e7\u00e3o Nacional de Engenharia de Seguran\u00e7a do Trabalho (ANEST) e Dra. Marilurdes Monteiro, presidente da Associa\u00e7\u00e3o Alagoana de Medicina do Trabalho, al\u00e9m da presidente da ANAMT, Dra. Rosylane Rocha, e o diretor cient\u00edfico da Associa\u00e7\u00e3o, Dr. Francisco Fernandes.<\/p>\n<p><img decoding=\"async\" class=\"size-medium wp-image-46214 aligncenter\" src=\"https:\/\/www.anamt.org.br\/portal\/wp-content\/uploads\/2022\/11\/WhatsApp-Image-2022-11-06-at-08.43.42-286x300.jpeg\" alt=\"\" width=\"286\" height=\"300\" \/><\/p>\n<p style=\"text-align: center;\"><em>Dra. Marilurdes Monteiro, presidente da Associa\u00e7\u00e3o Alagoana de Medicina do Trabalho, na abertura do Workshop Pol\u00edticas P\u00fablicas de Aten\u00e7\u00e3o \u00e0 Sa\u00fade do Servidor P\u00fablico.<\/em><\/p>\n<p>A abertura oficial do Congresso ocorre nesta segunda, dia 7 de novembro. Confira abaixo a transmiss\u00e3o do evento:<\/p>\n<div class=\"video-shortcode\"><iframe title=\"19\u00ba CONGRESSO NACIONAL ANAMT - ESQUENTA\" width=\"1500\" height=\"844\" src=\"https:\/\/www.youtube.com\/embed\/mMBedQRZNbs?feature=oembed\" frameborder=\"0\" allow=\"accelerometer; autoplay; clipboard-write; encrypted-media; gyroscope; picture-in-picture; web-share\" allowfullscreen><\/iframe><\/div>\n<p>&nbsp;<\/p>\n","protected":false},"excerpt":{"rendered":"<p>Neste s\u00e1bado (5), a ANAMT realizou a programa\u00e7\u00e3o de Esquenta do 19\u00ba Congresso Nacional ANAMT. Ocorreram o I Encontro de M\u00e9dicos do Trabalho, Engenheiros de Seguran\u00e7a e Auditores Fiscais do Trabalho e, \u00e0 tarde, o Workshop Pol\u00edticas de Aten\u00e7\u00e3o \u00e0 Sa\u00fade do Servidor P\u00fablico. Entre os participantes, Dr. Raimundo Montenegro, representante da Associa\u00e7\u00e3o Nacional de [&hellip;]<\/p>\n","protected":false},"author":1,"featured_media":0,"comment_status":"closed","ping_status":"closed","sticky":false,"template":"","format":"standard","meta":{"footnotes":""},"categories":[77],"tags":[],"_links":{"self":[{"href":"https:\/\/www.anamt.org.br\/portal\/wp-json\/wp\/v2\/posts\/46212"}],"collection":[{"href":"https:\/\/www.anamt.org.br\/portal\/wp-json\/wp\/v2\/posts"}],"about":[{"href":"https:\/\/www.anamt.org.br\/portal\/wp-json\/wp\/v2\/types\/post"}],"author":[{"embeddable":true,"href":"https:\/\/www.anamt.org.br\/portal\/wp-json\/wp\/v2\/users\/1"}],"replies":[{"embeddable":true,"href":"https:\/\/www.anamt.org.br\/portal\/wp-json\/wp\/v2\/comments?post=46212"}],"version-history":[{"count":0,"href":"https:\/\/www.anamt.org.br\/portal\/wp-json\/wp\/v2\/posts\/46212\/revisions"}],"wp:attachment":[{"href":"https:\/\/www.anamt.org.br\/portal\/wp-json\/wp\/v2\/media?parent=46212"}],"wp:term":[{"taxonomy":"category","embeddable":true,"href":"https:\/\/www.anamt.org.br\/portal\/wp-json\/wp\/v2\/categories?post=46212"},{"taxonomy":"post_tag","embeddable":true,"href":"https:\/\/www.anamt.org.br\/portal\/wp-json\/wp\/v2\/tags?post=46212"}],"curies":[{"name":"wp","href":"https:\/\/api.w.org\/{rel}","templated":true}]}}