{"id":46076,"date":"2022-10-04T12:08:36","date_gmt":"2022-10-04T15:08:36","guid":{"rendered":"https:\/\/www.anamt.org.br\/portal\/?p=46076"},"modified":"2022-10-04T12:08:36","modified_gmt":"2022-10-04T15:08:36","slug":"eleicoes-anamt-comissao-divulga-comunicado-sobre-associados-votantes","status":"publish","type":"post","link":"https:\/\/www.anamt.org.br\/portal\/2022\/10\/04\/eleicoes-anamt-comissao-divulga-comunicado-sobre-associados-votantes\/","title":{"rendered":"Elei\u00e7\u00f5es ANAMT: Comiss\u00e3o divulga comunicado sobre associados votantes"},"content":{"rendered":"<p>A Comiss\u00e3o Eleitoral da ANAMT divulgou um comunicado sobre os associados votantes para as elei\u00e7\u00f5es da entidade.<\/p>\n<p>&#8220;Ap\u00f3s as delibera\u00e7\u00f5es quanto ao tema, a Comiss\u00e3o Eleitoral decidiu que est\u00e3o aptos a votar os Associados efetivos, titulares e jubilados que regularizaram e quitaram seus d\u00e9bitos com a ANAMT at\u00e9 30 de julho de 2022, conforme calend\u00e1rio Eleitoral.&#8221;, aponta trecho do documento, que pode ser visto na \u00edntegra <a href=\"https:\/\/www.anamt.org.br\/portal\/wp-content\/uploads\/2022\/10\/ANAMT-Comissao-Eleitoral-Comunicado-Associados-Votantes.pdf\" target=\"_blank\" rel=\"noopener\">aqui<\/a>.<\/p>\n<p>A elei\u00e7\u00e3o ocorrer\u00e1 no dia 9 de outubro. Veja mais sobre o processo eleitoral <a href=\"https:\/\/www.anamt.org.br\/portal\/2022\/08\/24\/eleicoes-anamt-acompanhe-aqui-as-principais-informacoes-sobre-o-processo\/\" target=\"_blank\" rel=\"noopener\">aqui<\/a>.<\/p>\n","protected":false},"excerpt":{"rendered":"<p>A Comiss\u00e3o Eleitoral da ANAMT divulgou um comunicado sobre os associados votantes para as elei\u00e7\u00f5es da entidade. &#8220;Ap\u00f3s as delibera\u00e7\u00f5es quanto ao tema, a Comiss\u00e3o Eleitoral decidiu que est\u00e3o aptos a votar os Associados efetivos, titulares e jubilados que regularizaram e quitaram seus d\u00e9bitos com a ANAMT at\u00e9 30 de julho de 2022, conforme calend\u00e1rio [&hellip;]<\/p>\n","protected":false},"author":1,"featured_media":0,"comment_status":"closed","ping_status":"closed","sticky":false,"template":"","format":"standard","meta":{"footnotes":""},"categories":[77],"tags":[],"_links":{"self":[{"href":"https:\/\/www.anamt.org.br\/portal\/wp-json\/wp\/v2\/posts\/46076"}],"collection":[{"href":"https:\/\/www.anamt.org.br\/portal\/wp-json\/wp\/v2\/posts"}],"about":[{"href":"https:\/\/www.anamt.org.br\/portal\/wp-json\/wp\/v2\/types\/post"}],"author":[{"embeddable":true,"href":"https:\/\/www.anamt.org.br\/portal\/wp-json\/wp\/v2\/users\/1"}],"replies":[{"embeddable":true,"href":"https:\/\/www.anamt.org.br\/portal\/wp-json\/wp\/v2\/comments?post=46076"}],"version-history":[{"count":0,"href":"https:\/\/www.anamt.org.br\/portal\/wp-json\/wp\/v2\/posts\/46076\/revisions"}],"wp:attachment":[{"href":"https:\/\/www.anamt.org.br\/portal\/wp-json\/wp\/v2\/media?parent=46076"}],"wp:term":[{"taxonomy":"category","embeddable":true,"href":"https:\/\/www.anamt.org.br\/portal\/wp-json\/wp\/v2\/categories?post=46076"},{"taxonomy":"post_tag","embeddable":true,"href":"https:\/\/www.anamt.org.br\/portal\/wp-json\/wp\/v2\/tags?post=46076"}],"curies":[{"name":"wp","href":"https:\/\/api.w.org\/{rel}","templated":true}]}}