{"id":46000,"date":"2022-09-27T16:42:55","date_gmt":"2022-09-27T19:42:55","guid":{"rendered":"https:\/\/www.anamt.org.br\/portal\/?p=45271"},"modified":"2022-09-27T16:42:55","modified_gmt":"2022-09-27T19:42:55","slug":"eleicoes-anamt-29-de-setembro-e-a-data-final-para-atualizar-a-categoria-de-membro","status":"publish","type":"post","link":"https:\/\/www.anamt.org.br\/portal\/2022\/09\/27\/eleicoes-anamt-29-de-setembro-e-a-data-final-para-atualizar-a-categoria-de-membro\/","title":{"rendered":"Elei\u00e7\u00f5es ANAMT: 29 de setembro \u00e9 a data final para atualizar a categoria de membro"},"content":{"rendered":"<p>Esta quinta-feira, 29 de setembro, \u00e9 o prazo final para atualiza\u00e7\u00e3o da categoria de membro da ANAMT para ter direito a votar nas elei\u00e7\u00f5es da ANAMT. O pleito eleger\u00e1 a Diretoria Executiva e Conselho Fiscal da entidade para o tri\u00eanio 2023\/2026.<\/p>\n<p>A elei\u00e7\u00e3o ocorrer\u00e1 no dia 9 de outubro. Veja mais sobre o processo eleitoral <a href=\"https:\/\/www.anamt.org.br\/portal\/2022\/08\/24\/eleicoes-anamt-acompanhe-aqui-as-principais-informacoes-sobre-o-processo\/\" target=\"_blank\" rel=\"noopener\">aqui<\/a>.<\/p>\n","protected":false},"excerpt":{"rendered":"<p>Esta quinta-feira, 29 de setembro, \u00e9 o prazo final para atualiza\u00e7\u00e3o da categoria de membro da ANAMT para ter direito a votar nas elei\u00e7\u00f5es da ANAMT. O pleito eleger\u00e1 a Diretoria Executiva e Conselho Fiscal da entidade para o tri\u00eanio 2023\/2026. A elei\u00e7\u00e3o ocorrer\u00e1 no dia 9 de outubro. Veja mais sobre o processo eleitoral [&hellip;]<\/p>\n","protected":false},"author":1,"featured_media":30865,"comment_status":"closed","ping_status":"closed","sticky":false,"template":"","format":"standard","meta":{"footnotes":""},"categories":[77],"tags":[],"_links":{"self":[{"href":"https:\/\/www.anamt.org.br\/portal\/wp-json\/wp\/v2\/posts\/46000"}],"collection":[{"href":"https:\/\/www.anamt.org.br\/portal\/wp-json\/wp\/v2\/posts"}],"about":[{"href":"https:\/\/www.anamt.org.br\/portal\/wp-json\/wp\/v2\/types\/post"}],"author":[{"embeddable":true,"href":"https:\/\/www.anamt.org.br\/portal\/wp-json\/wp\/v2\/users\/1"}],"replies":[{"embeddable":true,"href":"https:\/\/www.anamt.org.br\/portal\/wp-json\/wp\/v2\/comments?post=46000"}],"version-history":[{"count":0,"href":"https:\/\/www.anamt.org.br\/portal\/wp-json\/wp\/v2\/posts\/46000\/revisions"}],"wp:featuredmedia":[{"embeddable":true,"href":"https:\/\/www.anamt.org.br\/portal\/wp-json\/wp\/v2\/media\/30865"}],"wp:attachment":[{"href":"https:\/\/www.anamt.org.br\/portal\/wp-json\/wp\/v2\/media?parent=46000"}],"wp:term":[{"taxonomy":"category","embeddable":true,"href":"https:\/\/www.anamt.org.br\/portal\/wp-json\/wp\/v2\/categories?post=46000"},{"taxonomy":"post_tag","embeddable":true,"href":"https:\/\/www.anamt.org.br\/portal\/wp-json\/wp\/v2\/tags?post=46000"}],"curies":[{"name":"wp","href":"https:\/\/api.w.org\/{rel}","templated":true}]}}