{"id":45999,"date":"2022-09-26T12:14:27","date_gmt":"2022-09-26T15:14:27","guid":{"rendered":"https:\/\/www.anamt.org.br\/portal\/?p=45264"},"modified":"2022-09-26T12:14:27","modified_gmt":"2022-09-26T15:14:27","slug":"anamt-participa-de-materia-sobre-saude-dos-motoristas-de-aplicativo","status":"publish","type":"post","link":"https:\/\/www.anamt.org.br\/portal\/2022\/09\/26\/anamt-participa-de-materia-sobre-saude-dos-motoristas-de-aplicativo\/","title":{"rendered":"ANAMT participa de mat\u00e9ria sobre sa\u00fade dos motoristas de aplicativo"},"content":{"rendered":"<p><img decoding=\"async\" class=\"aligncenter size-600 wp-image-45265\" src=\"https:\/\/www.anamt.org.br\/portal\/wp-content\/uploads\/2022\/09\/materiar7-600x294.png\" alt=\"\" width=\"600\" height=\"294\" \/><\/p>\n<p>A ANAMT foi uma das entrevistadas em uma mat\u00e9ria do site R7 sobre a sa\u00fade dos motoristas de aplicativo e as extensas jornadas de trabalho da \u00e1rea. Dr. Ricardo Hegele falou sobre consequ\u00eancias do cansa\u00e7o desses trabalhadores.<\/p>\n<p>&#8220;N\u00e3o se trata apenas de horas trabalhadas. H\u00e1 in\u00fameros desgastes ligados \u00e0 dire\u00e7\u00e3o veicular que tornam a atividade estressante e estafante. E isso, sem intervalos regulares, sem descanso e sem um repouso adequado, p\u00f5e em risco o profissional e todos os usu\u00e1rios&#8221;.<\/p>\n<p>Ele tamb\u00e9m abordou como a falta de repouso impacta na condu\u00e7\u00e3o dos motoristas. &#8220;Dirigir com sono \u00e9 t\u00e3o grave quanto dirigir embriagado. Motoristas que dormiram menos de duas horas nas 24 anteriores n\u00e3o est\u00e3o aptos a conduzir ve\u00edculos&#8221;.<\/p>\n<p>A mat\u00e9ria na \u00edntegra est\u00e1 dispon\u00edvel <a href=\"https:\/\/estudio.r7.com\/alem-de-todos-os-limites-26092022\" target=\"_blank\" rel=\"noopener\"><strong>aqui<\/strong><\/a>.<\/p>\n","protected":false},"excerpt":{"rendered":"<p>A ANAMT foi uma das entrevistadas em uma mat\u00e9ria do site R7 sobre a sa\u00fade dos motoristas de aplicativo e as extensas jornadas de trabalho da \u00e1rea. Dr. Ricardo Hegele falou sobre consequ\u00eancias do cansa\u00e7o desses trabalhadores. &#8220;N\u00e3o se trata apenas de horas trabalhadas. H\u00e1 in\u00fameros desgastes ligados \u00e0 dire\u00e7\u00e3o veicular que tornam a atividade [&hellip;]<\/p>\n","protected":false},"author":1,"featured_media":45266,"comment_status":"closed","ping_status":"closed","sticky":false,"template":"","format":"standard","meta":{"footnotes":""},"categories":[77],"tags":[],"_links":{"self":[{"href":"https:\/\/www.anamt.org.br\/portal\/wp-json\/wp\/v2\/posts\/45999"}],"collection":[{"href":"https:\/\/www.anamt.org.br\/portal\/wp-json\/wp\/v2\/posts"}],"about":[{"href":"https:\/\/www.anamt.org.br\/portal\/wp-json\/wp\/v2\/types\/post"}],"author":[{"embeddable":true,"href":"https:\/\/www.anamt.org.br\/portal\/wp-json\/wp\/v2\/users\/1"}],"replies":[{"embeddable":true,"href":"https:\/\/www.anamt.org.br\/portal\/wp-json\/wp\/v2\/comments?post=45999"}],"version-history":[{"count":0,"href":"https:\/\/www.anamt.org.br\/portal\/wp-json\/wp\/v2\/posts\/45999\/revisions"}],"wp:featuredmedia":[{"embeddable":true,"href":"https:\/\/www.anamt.org.br\/portal\/wp-json\/"}],"wp:attachment":[{"href":"https:\/\/www.anamt.org.br\/portal\/wp-json\/wp\/v2\/media?parent=45999"}],"wp:term":[{"taxonomy":"category","embeddable":true,"href":"https:\/\/www.anamt.org.br\/portal\/wp-json\/wp\/v2\/categories?post=45999"},{"taxonomy":"post_tag","embeddable":true,"href":"https:\/\/www.anamt.org.br\/portal\/wp-json\/wp\/v2\/tags?post=45999"}],"curies":[{"name":"wp","href":"https:\/\/api.w.org\/{rel}","templated":true}]}}