{"id":45994,"date":"2022-09-19T10:55:29","date_gmt":"2022-09-19T13:55:29","guid":{"rendered":"https:\/\/www.anamt.org.br\/portal\/?p=45231"},"modified":"2022-09-19T10:55:29","modified_gmt":"2022-09-19T13:55:29","slug":"exposicao-a-radiacao-ionizante-no-trabalho-afeta-mais-de-24-milhoes-de-trabalhadores-em-todo-o-mundo","status":"publish","type":"post","link":"https:\/\/www.anamt.org.br\/portal\/2022\/09\/19\/exposicao-a-radiacao-ionizante-no-trabalho-afeta-mais-de-24-milhoes-de-trabalhadores-em-todo-o-mundo\/","title":{"rendered":"Exposi\u00e7\u00e3o \u00e0 radia\u00e7\u00e3o ionizante no trabalho afeta mais de 24 milh\u00f5es de trabalhadores em todo o mundo"},"content":{"rendered":"<p>A Organiza\u00e7\u00e3o Internacional do Trabalho est\u00e1 copatrocinando a terceira confer\u00eancia internacional sobre Prote\u00e7\u00e3o contra Radia\u00e7\u00e3o Ocupacional , organizada com a Ag\u00eancia Internacional de Energia At\u00f4mica e sediada pelo Governo da Su\u00ed\u00e7a.<\/p>\n<p>A confer\u00eancia, que acontece de 5 a 9 de setembro em Genebra, revisar\u00e1 os padr\u00f5es e recomenda\u00e7\u00f5es internacionais sobre prote\u00e7\u00e3o radiol\u00f3gica no trabalho, o progresso realizado nos \u00faltimos vinte anos, e identificar\u00e1 a\u00e7\u00f5es priorit\u00e1rias que levem a um sistema global de prote\u00e7\u00e3o radiol\u00f3gica no trabalho aprimorado.<\/p>\n<p>Embora a exposi\u00e7\u00e3o \u00e0 radia\u00e7\u00e3o seja comumente associada \u00e0quelas pessoas que trabalham no campo nuclear ou lidam com fontes radioativas, trabalhadores e trabalhadoras de outras profiss\u00f5es, como mineiros(as), tripulantes, pesquisadores(as) e profissionais de sa\u00fade tamb\u00e9m podem ser seriamente afetados se as medidas adequadas n\u00e3o forem adotadas.<\/p>\n<p>Al\u00e9m disso, acidentes em usinas nucleares podem ter efeitos catastr\u00f3ficos n\u00e3o apenas para os trabalhadores e as trabalhadoras, mas tamb\u00e9m para as comunidades e o meio ambiente. Portanto, medidas rigorosas de preven\u00e7\u00e3o e controle precisam estar em vigor.<\/p>\n<p>&#8220;A prote\u00e7\u00e3o da sa\u00fade dos trabalhadores tem sido um objetivo constitucional da OIT desde a sua cria\u00e7\u00e3o em 1919&#8221;, disse Vic Van Vuuren, vice-diretor-geral de Pol\u00edtica respons\u00e1vel. &#8220;Hoje, ainda estamos muito longe desse objetivo. Mortes e les\u00f5es relacionadas ao trabalho, incluindo aquelas causadas pela exposi\u00e7\u00e3o \u00e0 radia\u00e7\u00e3o, cobram um pre\u00e7o particularmente alto, especialmente nos pa\u00edses em desenvolvimento, onde os padr\u00f5es nacionais de seguran\u00e7a e sa\u00fade ocupacional n\u00e3o est\u00e3o bem estabelecidos .&#8221;<\/p>\n<p>&#8220;Esta confer\u00eancia ser\u00e1 uma excelente oportunidade para compartilhar conhecimentos e experi\u00eancias e definir o caminho para mais progressos concretos na melhoria da prote\u00e7\u00e3o contra radia\u00e7\u00e3o dos trabalhadores em todas as ind\u00fastrias e pa\u00edses, e para alcan\u00e7ar mais seguran\u00e7a e sa\u00fade, em particular por meio da cria\u00e7\u00e3o de uma cultura preventiva global. .&#8221;<\/p>\n<p>Em junho de 1960, a Confer\u00eancia Internacional do Trabalho adotou a Conven\u00e7\u00e3o de Prote\u00e7\u00e3o Radiol\u00f3gica de 1960 relativa \u00e0 prote\u00e7\u00e3o dos trabalhadores com as radia\u00e7\u00f5es ionizantes (N\u00ba 115) e a Recomenda\u00e7\u00e3o que a acompanha (N\u00ba 114) . A Conven\u00e7\u00e3o se aplica a todas as atividades que envolvam a exposi\u00e7\u00e3o de trabalhadores e trabalhadoras a radia\u00e7\u00f5es ionizantes no exerc\u00edcio de seu trabalho e estabelece que qualquer Estado membro da OIT que a ratifique deve colocar suas disposi\u00e7\u00f5es em pr\u00e1tica por meio de leis ou regulamentos, listas de pr\u00e1ticas de recomenda\u00e7\u00f5es ou outros meios apropriados.<\/p>\n<p>Este \u00e9 o \u00fanico instrumento jur\u00eddico internacional que trata da prote\u00e7\u00e3o dos trabalhadores e das trabalhadoras contra as radia\u00e7\u00f5es. A Conven\u00e7\u00e3o foi ratificada por 50 pa\u00edses.<\/p>\n<p><em>Fonte: Organiza\u00e7\u00e3o Internacional do Trabalho<\/em><\/p>\n","protected":false},"excerpt":{"rendered":"<p>A Organiza\u00e7\u00e3o Internacional do Trabalho est\u00e1 copatrocinando a terceira confer\u00eancia internacional sobre Prote\u00e7\u00e3o contra Radia\u00e7\u00e3o Ocupacional , organizada com a Ag\u00eancia Internacional de Energia At\u00f4mica e sediada pelo Governo da Su\u00ed\u00e7a. A confer\u00eancia, que acontece de 5 a 9 de setembro em Genebra, revisar\u00e1 os padr\u00f5es e recomenda\u00e7\u00f5es internacionais sobre prote\u00e7\u00e3o radiol\u00f3gica no trabalho, o [&hellip;]<\/p>\n","protected":false},"author":1,"featured_media":36486,"comment_status":"closed","ping_status":"closed","sticky":false,"template":"","format":"standard","meta":{"footnotes":""},"categories":[80],"tags":[],"_links":{"self":[{"href":"https:\/\/www.anamt.org.br\/portal\/wp-json\/wp\/v2\/posts\/45994"}],"collection":[{"href":"https:\/\/www.anamt.org.br\/portal\/wp-json\/wp\/v2\/posts"}],"about":[{"href":"https:\/\/www.anamt.org.br\/portal\/wp-json\/wp\/v2\/types\/post"}],"author":[{"embeddable":true,"href":"https:\/\/www.anamt.org.br\/portal\/wp-json\/wp\/v2\/users\/1"}],"replies":[{"embeddable":true,"href":"https:\/\/www.anamt.org.br\/portal\/wp-json\/wp\/v2\/comments?post=45994"}],"version-history":[{"count":0,"href":"https:\/\/www.anamt.org.br\/portal\/wp-json\/wp\/v2\/posts\/45994\/revisions"}],"wp:featuredmedia":[{"embeddable":true,"href":"https:\/\/www.anamt.org.br\/portal\/wp-json\/wp\/v2\/media\/36486"}],"wp:attachment":[{"href":"https:\/\/www.anamt.org.br\/portal\/wp-json\/wp\/v2\/media?parent=45994"}],"wp:term":[{"taxonomy":"category","embeddable":true,"href":"https:\/\/www.anamt.org.br\/portal\/wp-json\/wp\/v2\/categories?post=45994"},{"taxonomy":"post_tag","embeddable":true,"href":"https:\/\/www.anamt.org.br\/portal\/wp-json\/wp\/v2\/tags?post=45994"}],"curies":[{"name":"wp","href":"https:\/\/api.w.org\/{rel}","templated":true}]}}