{"id":45991,"date":"2022-09-15T14:35:13","date_gmt":"2022-09-15T17:35:13","guid":{"rendered":"https:\/\/www.anamt.org.br\/portal\/?p=45206"},"modified":"2022-09-15T14:35:13","modified_gmt":"2022-09-15T17:35:13","slug":"eleicoes-anamt-campanha-eleitoral-e-iniciada","status":"publish","type":"post","link":"https:\/\/www.anamt.org.br\/portal\/2022\/09\/15\/eleicoes-anamt-campanha-eleitoral-e-iniciada\/","title":{"rendered":"Elei\u00e7\u00f5es ANAMT: campanha eleitoral \u00e9 iniciada"},"content":{"rendered":"<p>Nesta quinta-feira, 9 de setembro, teve in\u00edcio a campanha eleitoral para a Diretoria Executiva e Conselho Fiscal da ANAMT para o tri\u00eanio 2023\/2026. As orienta\u00e7\u00f5es sobre o per\u00edodo podem ser consultadas <a href=\"https:\/\/www.anamt.org.br\/portal\/wp-content\/uploads\/2022\/08\/ANAMT-Comiss%C3%A3o-Eleitoral-Orienta%C3%A7%C3%B5es-sobre-o-per%C3%ADodo-de-campanha-eleitoral.pdf\" target=\"_blank\" rel=\"noopener\">aqui<\/a>. Os documentos das duas chapas podem ser acessados abaixo:<\/p>\n<p>Chapa 1:<\/p>\n<p>Candidatos<\/p>\n<p><img decoding=\"async\" class=\"aligncenter size-600 wp-image-45221\" src=\"https:\/\/www.anamt.org.br\/portal\/wp-content\/uploads\/2022\/09\/WhatsApp-Image-2022-09-12-at-14.42.14-2-600x1067.jpeg\" alt=\"\" width=\"600\" height=\"1067\" \/><\/p>\n<p>Compromissos<\/p>\n<p><img decoding=\"async\" class=\"aligncenter size-600 wp-image-45220\" src=\"https:\/\/www.anamt.org.br\/portal\/wp-content\/uploads\/2022\/09\/WhatsApp-Image-2022-09-12-at-14.42.14-1-600x849.jpeg\" alt=\"\" width=\"600\" height=\"849\" \/><\/p>\n<p>Chapa 2:<\/p>\n<p>Candidatos<\/p>\n<p><img decoding=\"async\" class=\"aligncenter size-600 wp-image-45222\" src=\"https:\/\/www.anamt.org.br\/portal\/wp-content\/uploads\/2022\/09\/WhatsApp-Image-2022-09-13-at-10.02.21-600x901.jpeg\" alt=\"\" width=\"600\" height=\"901\" \/><\/p>\n<p>Compromissos<\/p>\n<p><img decoding=\"async\" class=\"aligncenter size-600 wp-image-45224\" src=\"https:\/\/www.anamt.org.br\/portal\/wp-content\/uploads\/2022\/09\/WhatsApp-Image-2022-09-15-at-14.30.33-600x900.jpeg\" alt=\"\" width=\"600\" height=\"900\" \/><\/p>\n<p>A elei\u00e7\u00e3o ocorrer\u00e1 no dia 9 de outubro. Confira as principais informa\u00e7\u00f5es e documentos sobre o pleito <a href=\"https:\/\/www.anamt.org.br\/portal\/2022\/08\/24\/eleicoes-anamt-acompanhe-aqui-as-principais-informacoes-sobre-o-processo\/\" target=\"_blank\" rel=\"noopener\">nesta p\u00e1gina<\/a>.<\/p>\n","protected":false},"excerpt":{"rendered":"<p>Nesta quinta-feira, 9 de setembro, teve in\u00edcio a campanha eleitoral para a Diretoria Executiva e Conselho Fiscal da ANAMT para o tri\u00eanio 2023\/2026. As orienta\u00e7\u00f5es sobre o per\u00edodo podem ser consultadas aqui. Os documentos das duas chapas podem ser acessados abaixo: Chapa 1: Candidatos Compromissos Chapa 2: Candidatos Compromissos A elei\u00e7\u00e3o ocorrer\u00e1 no dia 9 [&hellip;]<\/p>\n","protected":false},"author":1,"featured_media":30865,"comment_status":"closed","ping_status":"closed","sticky":false,"template":"","format":"standard","meta":{"footnotes":""},"categories":[77],"tags":[],"_links":{"self":[{"href":"https:\/\/www.anamt.org.br\/portal\/wp-json\/wp\/v2\/posts\/45991"}],"collection":[{"href":"https:\/\/www.anamt.org.br\/portal\/wp-json\/wp\/v2\/posts"}],"about":[{"href":"https:\/\/www.anamt.org.br\/portal\/wp-json\/wp\/v2\/types\/post"}],"author":[{"embeddable":true,"href":"https:\/\/www.anamt.org.br\/portal\/wp-json\/wp\/v2\/users\/1"}],"replies":[{"embeddable":true,"href":"https:\/\/www.anamt.org.br\/portal\/wp-json\/wp\/v2\/comments?post=45991"}],"version-history":[{"count":0,"href":"https:\/\/www.anamt.org.br\/portal\/wp-json\/wp\/v2\/posts\/45991\/revisions"}],"wp:featuredmedia":[{"embeddable":true,"href":"https:\/\/www.anamt.org.br\/portal\/wp-json\/wp\/v2\/media\/30865"}],"wp:attachment":[{"href":"https:\/\/www.anamt.org.br\/portal\/wp-json\/wp\/v2\/media?parent=45991"}],"wp:term":[{"taxonomy":"category","embeddable":true,"href":"https:\/\/www.anamt.org.br\/portal\/wp-json\/wp\/v2\/categories?post=45991"},{"taxonomy":"post_tag","embeddable":true,"href":"https:\/\/www.anamt.org.br\/portal\/wp-json\/wp\/v2\/tags?post=45991"}],"curies":[{"name":"wp","href":"https:\/\/api.w.org\/{rel}","templated":true}]}}