{"id":45987,"date":"2022-09-12T11:33:16","date_gmt":"2022-09-12T14:33:16","guid":{"rendered":"https:\/\/www.anamt.org.br\/portal\/?p=45189"},"modified":"2022-09-12T11:33:16","modified_gmt":"2022-09-12T14:33:16","slug":"podcast-anamt-aborda-disturbios-do-sono","status":"publish","type":"post","link":"https:\/\/www.anamt.org.br\/portal\/2022\/09\/12\/podcast-anamt-aborda-disturbios-do-sono\/","title":{"rendered":"Podcast ANAMT aborda dist\u00farbios do sono"},"content":{"rendered":"<p>Os transtornos associados ao sono foram sistematizados pela Classifica\u00e7\u00e3o Internacional de Dist\u00farbios do Sono, elaborado pela Academia Americana de Medicina do Sono em 7 categorias: ins\u00f4nia, dist\u00farbios respirat\u00f3rios do sono, parassonias ou dist\u00farbios de comportamento relacionados ao sono, hipersonias ou sonol\u00eancia excessiva, dist\u00farbios de ritmo circadiano, dist\u00farbios de movimentos relacionados ao sono e outros dist\u00farbios. Os dist\u00farbios mais frequentes s\u00e3o os respirat\u00f3rios do sono (apn\u00e9ia obstrutiva do sono) e as altera\u00e7\u00f5es do ritmo circadiano.<\/p>\n<p><iframe style=\"border-radius: 12px;\" src=\"https:\/\/open.spotify.com\/embed\/episode\/0NsEwMTqGAZ59h1p1pJclU?utm_source=generator&amp;theme=0\" width=\"100%\" height=\"352\" frameborder=\"0\" allowfullscreen=\"allowfullscreen\"><\/iframe><\/p>\n<p>Os podcasts da Anamt tamb\u00e9m podem ser ouvidos gratuitamente na distribuidora Anchor e em outras plataformas, sem a requisi\u00e7\u00e3o do download de aplicativo ou cria\u00e7\u00e3o de uma conta para acesso. Confira as op\u00e7\u00f5es <a href=\"https:\/\/anchor.fm\/podcast-anamt\" target=\"_blank\" rel=\"noopener\">aqui<\/a>.<\/p>\n<p>O texto est\u00e1 dispon\u00edvel <a href=\"https:\/\/www.anamt.org.br\/portal\/wp-content\/uploads\/2022\/09\/Podcast-71-Dist%C3%BArbios-do-sono.pdf\" target=\"_blank\" rel=\"noopener\">aqui<\/a>.<\/p>\n","protected":false},"excerpt":{"rendered":"<p>Os transtornos associados ao sono foram sistematizados pela Classifica\u00e7\u00e3o Internacional de Dist\u00farbios do Sono, elaborado pela Academia Americana de Medicina do Sono em 7 categorias: ins\u00f4nia, dist\u00farbios respirat\u00f3rios do sono, parassonias ou dist\u00farbios de comportamento relacionados ao sono, hipersonias ou sonol\u00eancia excessiva, dist\u00farbios de ritmo circadiano, dist\u00farbios de movimentos relacionados ao sono e outros dist\u00farbios. [&hellip;]<\/p>\n","protected":false},"author":1,"featured_media":40491,"comment_status":"closed","ping_status":"closed","sticky":false,"template":"","format":"standard","meta":{"footnotes":""},"categories":[242],"tags":[],"_links":{"self":[{"href":"https:\/\/www.anamt.org.br\/portal\/wp-json\/wp\/v2\/posts\/45987"}],"collection":[{"href":"https:\/\/www.anamt.org.br\/portal\/wp-json\/wp\/v2\/posts"}],"about":[{"href":"https:\/\/www.anamt.org.br\/portal\/wp-json\/wp\/v2\/types\/post"}],"author":[{"embeddable":true,"href":"https:\/\/www.anamt.org.br\/portal\/wp-json\/wp\/v2\/users\/1"}],"replies":[{"embeddable":true,"href":"https:\/\/www.anamt.org.br\/portal\/wp-json\/wp\/v2\/comments?post=45987"}],"version-history":[{"count":0,"href":"https:\/\/www.anamt.org.br\/portal\/wp-json\/wp\/v2\/posts\/45987\/revisions"}],"wp:featuredmedia":[{"embeddable":true,"href":"https:\/\/www.anamt.org.br\/portal\/wp-json\/wp\/v2\/media\/40491"}],"wp:attachment":[{"href":"https:\/\/www.anamt.org.br\/portal\/wp-json\/wp\/v2\/media?parent=45987"}],"wp:term":[{"taxonomy":"category","embeddable":true,"href":"https:\/\/www.anamt.org.br\/portal\/wp-json\/wp\/v2\/categories?post=45987"},{"taxonomy":"post_tag","embeddable":true,"href":"https:\/\/www.anamt.org.br\/portal\/wp-json\/wp\/v2\/tags?post=45987"}],"curies":[{"name":"wp","href":"https:\/\/api.w.org\/{rel}","templated":true}]}}