{"id":45985,"date":"2022-09-06T09:04:04","date_gmt":"2022-09-06T12:04:04","guid":{"rendered":"https:\/\/www.anamt.org.br\/portal\/?p=45185"},"modified":"2022-09-06T09:04:04","modified_gmt":"2022-09-06T12:04:04","slug":"mtp-amplia-a-lista-de-doencas-isentas-de-carencia-para-recebimento-de-beneficio-por-incapacidade","status":"publish","type":"post","link":"https:\/\/www.anamt.org.br\/portal\/2022\/09\/06\/mtp-amplia-a-lista-de-doencas-isentas-de-carencia-para-recebimento-de-beneficio-por-incapacidade\/","title":{"rendered":"MTP amplia a lista de doen\u00e7as isentas de car\u00eancia para recebimento de benef\u00edcio por incapacidade"},"content":{"rendered":"<p>O Minist\u00e9rio do Trabalho e Previd\u00eancia e o Minist\u00e9rio da Sa\u00fade atualizaram a lista de doen\u00e7as que isentam o segurado do Regime Geral de Previd\u00eancia Social (RGPS) de car\u00eancia de 12 contribui\u00e7\u00f5es mensais para acesso a benef\u00edcios por incapacidade. Mais duas doen\u00e7as foram inclu\u00eddas pela Portaria Interministerial MTP\/MS N\u00ba 22, publicada no Di\u00e1rio Oficial da Uni\u00e3o desta quinta-feira (1): acidente vascular encef\u00e1lico (agudo) e abdome agudo cir\u00fargico. Com a atualiza\u00e7\u00e3o, a lista passa a incluir 17 doen\u00e7as e afec\u00e7\u00f5es que isentam o segurado de car\u00eancia.<\/p>\n<p>As doen\u00e7as e afec\u00e7\u00f5es listadas na portaria ser\u00e3o enquadradas como isentas de car\u00eancia quando apresentarem quadro de evolu\u00e7\u00e3o aguda e atenderem a crit\u00e9rios de gravidade. A nova lista passa a ter vig\u00eancia a partir de 3 de outubro de 2022. O segurado estar\u00e1 isento de car\u00eancia somente se a doen\u00e7a tiver in\u00edcio ap\u00f3s a filia\u00e7\u00e3o ao RGPS.<\/p>\n<p>Incapacidade &#8211; Em regra, o segurado do RGPS que precisa acessar o benef\u00edcio por incapacidade tempor\u00e1ria ou a aposentadoria por incapacidade permanente deve comprovar, al\u00e9m da incapacidade ao trabalho, uma car\u00eancia de 12 contribui\u00e7\u00f5es mensais, salvo algumas exce\u00e7\u00f5es. Entre elas, est\u00e3o os acidentes, doen\u00e7as profissionais ou do trabalho e as doen\u00e7as ou afec\u00e7\u00f5es especificadas na lista de que trata a portaria n\u00ba 22.<\/p>\n<p>Os procedimentos t\u00e9cnicos a serem considerados para comprova\u00e7\u00e3o das doen\u00e7as e afec\u00e7\u00f5es listadas na portaria ser\u00e3o dispostos e atualizados em manual espec\u00edfico a ser publicado em breve pela Subsecretaria da Per\u00edcia M\u00e9dica Federal do MTP.<\/p>\n<p><em>Fonte: Minist\u00e9rio do Trabalho<\/em><\/p>\n","protected":false},"excerpt":{"rendered":"<p>O Minist\u00e9rio do Trabalho e Previd\u00eancia e o Minist\u00e9rio da Sa\u00fade atualizaram a lista de doen\u00e7as que isentam o segurado do Regime Geral de Previd\u00eancia Social (RGPS) de car\u00eancia de 12 contribui\u00e7\u00f5es mensais para acesso a benef\u00edcios por incapacidade. Mais duas doen\u00e7as foram inclu\u00eddas pela Portaria Interministerial MTP\/MS N\u00ba 22, publicada no Di\u00e1rio Oficial da [&hellip;]<\/p>\n","protected":false},"author":1,"featured_media":31643,"comment_status":"closed","ping_status":"closed","sticky":false,"template":"","format":"standard","meta":{"footnotes":""},"categories":[80],"tags":[],"_links":{"self":[{"href":"https:\/\/www.anamt.org.br\/portal\/wp-json\/wp\/v2\/posts\/45985"}],"collection":[{"href":"https:\/\/www.anamt.org.br\/portal\/wp-json\/wp\/v2\/posts"}],"about":[{"href":"https:\/\/www.anamt.org.br\/portal\/wp-json\/wp\/v2\/types\/post"}],"author":[{"embeddable":true,"href":"https:\/\/www.anamt.org.br\/portal\/wp-json\/wp\/v2\/users\/1"}],"replies":[{"embeddable":true,"href":"https:\/\/www.anamt.org.br\/portal\/wp-json\/wp\/v2\/comments?post=45985"}],"version-history":[{"count":0,"href":"https:\/\/www.anamt.org.br\/portal\/wp-json\/wp\/v2\/posts\/45985\/revisions"}],"wp:featuredmedia":[{"embeddable":true,"href":"https:\/\/www.anamt.org.br\/portal\/wp-json\/wp\/v2\/media\/31643"}],"wp:attachment":[{"href":"https:\/\/www.anamt.org.br\/portal\/wp-json\/wp\/v2\/media?parent=45985"}],"wp:term":[{"taxonomy":"category","embeddable":true,"href":"https:\/\/www.anamt.org.br\/portal\/wp-json\/wp\/v2\/categories?post=45985"},{"taxonomy":"post_tag","embeddable":true,"href":"https:\/\/www.anamt.org.br\/portal\/wp-json\/wp\/v2\/tags?post=45985"}],"curies":[{"name":"wp","href":"https:\/\/api.w.org\/{rel}","templated":true}]}}