{"id":45175,"date":"2022-09-01T18:01:07","date_gmt":"2022-09-01T21:01:07","guid":{"rendered":"https:\/\/www.anamt.org.br\/portal\/?p=45175"},"modified":"2022-09-01T18:01:07","modified_gmt":"2022-09-01T21:01:07","slug":"36a-jornada-amimt","status":"publish","type":"post","link":"https:\/\/www.anamt.org.br\/portal\/2022\/09\/01\/36a-jornada-amimt\/","title":{"rendered":"36\u00aa Jornada AMIMT"},"content":{"rendered":"<p><img decoding=\"async\" class=\"aligncenter size-full wp-image-45176\" src=\"https:\/\/www.anamt.org.br\/portal\/wp-content\/uploads\/2022\/09\/Email-Mkt_03.jpg\" alt=\"\" width=\"563\" height=\"268\" \/><\/p>\n<p>A Associa\u00e7\u00e3o Mineira de Medicina do Trabalho (AMIMT) realizar\u00e1, nos dias 23 e 24 de setembro, a 36\u00aa Jornada AMIMT, cujo tema central ser\u00e1 Medicina do Trabalho e suas Repercuss\u00f5es na Economia.<\/p>\n<p>Mais informa\u00e7\u00f5es e inscri\u00e7\u00f5es, no site do evento: <a href=\"https:\/\/amimt.org.br\/jornada\/\" target=\"_blank\" rel=\"noopener\">https:\/\/amimt.org.br\/jornada\/<\/a><\/p>\n","protected":false},"excerpt":{"rendered":"<p>A Associa\u00e7\u00e3o Mineira de Medicina do Trabalho (AMIMT) realizar\u00e1, nos dias 23 e 24 de setembro, a 36\u00aa Jornada AMIMT, cujo tema central ser\u00e1 Medicina do Trabalho e suas Repercuss\u00f5es na Economia. Mais informa\u00e7\u00f5es e inscri\u00e7\u00f5es, no site do evento: https:\/\/amimt.org.br\/jornada\/<\/p>\n","protected":false},"author":1,"featured_media":0,"comment_status":"closed","ping_status":"closed","sticky":false,"template":"","format":"standard","meta":{"footnotes":""},"categories":[190],"tags":[],"_links":{"self":[{"href":"https:\/\/www.anamt.org.br\/portal\/wp-json\/wp\/v2\/posts\/45175"}],"collection":[{"href":"https:\/\/www.anamt.org.br\/portal\/wp-json\/wp\/v2\/posts"}],"about":[{"href":"https:\/\/www.anamt.org.br\/portal\/wp-json\/wp\/v2\/types\/post"}],"author":[{"embeddable":true,"href":"https:\/\/www.anamt.org.br\/portal\/wp-json\/wp\/v2\/users\/1"}],"replies":[{"embeddable":true,"href":"https:\/\/www.anamt.org.br\/portal\/wp-json\/wp\/v2\/comments?post=45175"}],"version-history":[{"count":0,"href":"https:\/\/www.anamt.org.br\/portal\/wp-json\/wp\/v2\/posts\/45175\/revisions"}],"wp:attachment":[{"href":"https:\/\/www.anamt.org.br\/portal\/wp-json\/wp\/v2\/media?parent=45175"}],"wp:term":[{"taxonomy":"category","embeddable":true,"href":"https:\/\/www.anamt.org.br\/portal\/wp-json\/wp\/v2\/categories?post=45175"},{"taxonomy":"post_tag","embeddable":true,"href":"https:\/\/www.anamt.org.br\/portal\/wp-json\/wp\/v2\/tags?post=45175"}],"curies":[{"name":"wp","href":"https:\/\/api.w.org\/{rel}","templated":true}]}}