{"id":45137,"date":"2022-08-16T12:51:38","date_gmt":"2022-08-16T15:51:38","guid":{"rendered":"https:\/\/www.anamt.org.br\/portal\/?p=45137"},"modified":"2022-08-16T12:51:38","modified_gmt":"2022-08-16T15:51:38","slug":"ministerio-da-saude-apresenta-cenario-epidemiologico-e-acoes-para-prevencao-da-variola-dos-macacos","status":"publish","type":"post","link":"https:\/\/www.anamt.org.br\/portal\/2022\/08\/16\/ministerio-da-saude-apresenta-cenario-epidemiologico-e-acoes-para-prevencao-da-variola-dos-macacos\/","title":{"rendered":"Minist\u00e9rio da Sa\u00fade apresenta cen\u00e1rio epidemiol\u00f3gico e a\u00e7\u00f5es para preven\u00e7\u00e3o da var\u00edola dos macacos"},"content":{"rendered":"<p>O Minist\u00e9rio da Sa\u00fade apresentou o cen\u00e1rio epidemiol\u00f3gico da var\u00edola dos macacos, tamb\u00e9m conhecida como monkeypox, e as a\u00e7\u00f5es de preven\u00e7\u00e3o e vigil\u00e2ncia para o enfrentamento da doen\u00e7a no Brasil. Dados revelam que 95% dos casos s\u00e3o em homens, entre 18 e 49 anos de idade. As informa\u00e7\u00f5es foram divulgadas em coletiva de imprensa, nesta segunda-feira (15).<\/p>\n<p>At\u00e9 o momento, o Brasil registra 2,8 mil casos confirmados em 22 estados. A preval\u00eancia da doen\u00e7a est\u00e1 concentrada na regi\u00e3o sudeste, especificamente em S\u00e3o Paulo, Rio de Janeiro e Minas Gerais. O ministro da Sa\u00fade, Marcelo Queiroga, e secret\u00e1rios da pasta apresentaram as a\u00e7\u00f5es de vigil\u00e2ncia e controle da doen\u00e7a adotadas pelo Minist\u00e9rio da Sa\u00fade desde maio, mesmo antes da confirma\u00e7\u00e3o do primeiro caso no Brasil.<\/p>\n<p>Entre as a\u00e7\u00f5es, est\u00e1 o fortalecimento da rede de diagn\u00f3sticos do Brasil, para processamento e an\u00e1lise das amostras. Atualmente, oito laborat\u00f3rios est\u00e3o estruturados para fazer a testagem, sendo: quatro Laborat\u00f3rios de Refer\u00eancia Nacional &#8211; Fiocruz RJ, Fiocruz AM, Universidade Federal do Rio de Janeiro (UFRJ) e Instituto Evandro Chagas (IEC) &#8211; e quatro Laborat\u00f3rios Centrais de Sa\u00fade P\u00fablica (Lacen) em Minas Gerais, S\u00e3o Paulo, Distrito Federal e Rio Grande do Sul. O teste para o diagn\u00f3stico laboratorial deve ser realizado em todos os pacientes com suspeita.<\/p>\n<p>Al\u00e9m disso, a Pasta implementou o Centro de Opera\u00e7\u00f5es de Emerg\u00eancias Nacional (COE), para monitorar o cen\u00e1rio epidemiol\u00f3gico e as a\u00e7\u00f5es de vigil\u00e2ncia em todo pa\u00eds. O COE tem a participa\u00e7\u00e3o de t\u00e9cnicos das secretarias do Minist\u00e9rio da Sa\u00fade, al\u00e9m da Organiza\u00e7\u00e3o Pan-Americana da Sa\u00fade (OPAS\/OMS), da Ag\u00eancia Nacional de Vigil\u00e2ncia Sanit\u00e1ria (Anvisa), Funda\u00e7\u00e3o Oswaldo Cruz (Fiocruz), do Conselho Nacional de Secret\u00e1rios de Sa\u00fade (Conass) e do Conselho Nacional de Secretarias Municipais de Sa\u00fade (Conasems).<\/p>\n<p>O Minist\u00e9rio da Sa\u00fade segue em tratativas junto \u00e0 entidades internacionais e a OPAS\/OMS para aquisi\u00e7\u00e3o de vacinas e antivirais para o tratamento da doen\u00e7a.<\/p>\n<p>Segundo o secret\u00e1rio de Vigil\u00e2ncia em Sa\u00fade, Arnaldo Medeiros, a var\u00edola dos macacos \u00e9 uma doen\u00e7a viral de baixa letalidade. \u201cEm casos de sintomas, como febre alta e s\u00fabita, seguido de aparecimento de g\u00e2nglio, aqueles incha\u00e7os conhecidos como \u00ednguas, dores de cabe\u00e7a e, principalmente, feridas ou les\u00f5es no corpo, o paciente deve procurar uma unidade de sa\u00fade mais pr\u00f3xima de casa e seguir corretamente as recomenda\u00e7\u00f5es de isolamento\u201d, alerta.<\/p>\n<p>A principal forma de prote\u00e7\u00e3o da doen\u00e7a \u00e9 evitar o contato direto com pessoas contaminadas (pele\/pele) ou com objetos pessoais contaminados.<\/p>\n<p>Cen\u00e1rio mundial<\/p>\n<p>A Organiza\u00e7\u00e3o Mundial de Sa\u00fade (OMS) declarou a var\u00edola dos macacos como Emerg\u00eancia em Sa\u00fade P\u00fablica de Import\u00e2ncia Internacional (ESPII) em julho. No momento, s\u00e3o 35.621 casos confirmados em 92 pa\u00edses.<\/p>\n<p><em>Fonte: Minist\u00e9rio da Sa\u00fade<\/em><\/p>\n","protected":false},"excerpt":{"rendered":"<p>O Minist\u00e9rio da Sa\u00fade apresentou o cen\u00e1rio epidemiol\u00f3gico da var\u00edola dos macacos, tamb\u00e9m conhecida como monkeypox, e as a\u00e7\u00f5es de preven\u00e7\u00e3o e vigil\u00e2ncia para o enfrentamento da doen\u00e7a no Brasil. Dados revelam que 95% dos casos s\u00e3o em homens, entre 18 e 49 anos de idade. As informa\u00e7\u00f5es foram divulgadas em coletiva de imprensa, nesta [&hellip;]<\/p>\n","protected":false},"author":1,"featured_media":40984,"comment_status":"closed","ping_status":"closed","sticky":false,"template":"","format":"standard","meta":{"footnotes":""},"categories":[80],"tags":[],"_links":{"self":[{"href":"https:\/\/www.anamt.org.br\/portal\/wp-json\/wp\/v2\/posts\/45137"}],"collection":[{"href":"https:\/\/www.anamt.org.br\/portal\/wp-json\/wp\/v2\/posts"}],"about":[{"href":"https:\/\/www.anamt.org.br\/portal\/wp-json\/wp\/v2\/types\/post"}],"author":[{"embeddable":true,"href":"https:\/\/www.anamt.org.br\/portal\/wp-json\/wp\/v2\/users\/1"}],"replies":[{"embeddable":true,"href":"https:\/\/www.anamt.org.br\/portal\/wp-json\/wp\/v2\/comments?post=45137"}],"version-history":[{"count":0,"href":"https:\/\/www.anamt.org.br\/portal\/wp-json\/wp\/v2\/posts\/45137\/revisions"}],"wp:featuredmedia":[{"embeddable":true,"href":"https:\/\/www.anamt.org.br\/portal\/wp-json\/wp\/v2\/media\/40984"}],"wp:attachment":[{"href":"https:\/\/www.anamt.org.br\/portal\/wp-json\/wp\/v2\/media?parent=45137"}],"wp:term":[{"taxonomy":"category","embeddable":true,"href":"https:\/\/www.anamt.org.br\/portal\/wp-json\/wp\/v2\/categories?post=45137"},{"taxonomy":"post_tag","embeddable":true,"href":"https:\/\/www.anamt.org.br\/portal\/wp-json\/wp\/v2\/tags?post=45137"}],"curies":[{"name":"wp","href":"https:\/\/api.w.org\/{rel}","templated":true}]}}