{"id":45117,"date":"2022-08-09T16:27:31","date_gmt":"2022-08-09T19:27:31","guid":{"rendered":"https:\/\/www.anamt.org.br\/portal\/?p=45117"},"modified":"2022-08-09T16:27:31","modified_gmt":"2022-08-09T19:27:31","slug":"nota-de-pesar-dr-jose-seligman","status":"publish","type":"post","link":"https:\/\/www.anamt.org.br\/portal\/2022\/08\/09\/nota-de-pesar-dr-jose-seligman\/","title":{"rendered":"Nota de pesar &#8211; Dr. Jos\u00e9 Seligman"},"content":{"rendered":"<p>A ANAMT comunica com pesar o falecimento de Dr. Jos\u00e9 Seligman, que era Otorrinolaringologista, primeiro coordenador do Comit\u00ea de Ru\u00eddo e Conserva\u00e7\u00e3o Auditiva do ACOEM, ex-diretor de Comunica\u00e7\u00e3o da Associa\u00e7\u00e3o Brasileira de Otorrinolaringologia e Cirurgia C\u00e9rvico-Facial (ABORL-CCF) e ex-presidente da Associa\u00e7\u00e3o Ga\u00facha de Otorrinolaringologia e Cirurgia C\u00e9rvico-Facial (ASSOGOT).<\/p>\n<p>Nesse momento, a ANAMT se solidariza com amigos, parentes e colegas do Dr. Jos\u00e9 Seligman.<\/p>\n<p><img decoding=\"async\" class=\"aligncenter size-full wp-image-45118\" src=\"https:\/\/www.anamt.org.br\/portal\/wp-content\/uploads\/2022\/08\/WhatsApp-Image-2022-08-09-at-15.49.28_miniatura.jpg\" alt=\"\" width=\"397\" height=\"370\" srcset=\"https:\/\/www.anamt.org.br\/portal\/wp-content\/uploads\/2022\/08\/WhatsApp-Image-2022-08-09-at-15.49.28_miniatura-200x186.jpg 200w, https:\/\/www.anamt.org.br\/portal\/wp-content\/uploads\/2022\/08\/WhatsApp-Image-2022-08-09-at-15.49.28_miniatura-300x280.jpg 300w, https:\/\/www.anamt.org.br\/portal\/wp-content\/uploads\/2022\/08\/WhatsApp-Image-2022-08-09-at-15.49.28_miniatura.jpg 397w\" sizes=\"(max-width: 397px) 100vw, 397px\" \/><\/p>\n","protected":false},"excerpt":{"rendered":"<p>A ANAMT comunica com pesar o falecimento de Dr. Jos\u00e9 Seligman, que era Otorrinolaringologista, primeiro coordenador do Comit\u00ea de Ru\u00eddo e Conserva\u00e7\u00e3o Auditiva do ACOEM, ex-diretor de Comunica\u00e7\u00e3o da Associa\u00e7\u00e3o Brasileira de Otorrinolaringologia e Cirurgia C\u00e9rvico-Facial (ABORL-CCF) e ex-presidente da Associa\u00e7\u00e3o Ga\u00facha de Otorrinolaringologia e Cirurgia C\u00e9rvico-Facial (ASSOGOT). Nesse momento, a ANAMT se solidariza com [&hellip;]<\/p>\n","protected":false},"author":1,"featured_media":37657,"comment_status":"closed","ping_status":"closed","sticky":false,"template":"","format":"standard","meta":{"footnotes":""},"categories":[77],"tags":[],"_links":{"self":[{"href":"https:\/\/www.anamt.org.br\/portal\/wp-json\/wp\/v2\/posts\/45117"}],"collection":[{"href":"https:\/\/www.anamt.org.br\/portal\/wp-json\/wp\/v2\/posts"}],"about":[{"href":"https:\/\/www.anamt.org.br\/portal\/wp-json\/wp\/v2\/types\/post"}],"author":[{"embeddable":true,"href":"https:\/\/www.anamt.org.br\/portal\/wp-json\/wp\/v2\/users\/1"}],"replies":[{"embeddable":true,"href":"https:\/\/www.anamt.org.br\/portal\/wp-json\/wp\/v2\/comments?post=45117"}],"version-history":[{"count":0,"href":"https:\/\/www.anamt.org.br\/portal\/wp-json\/wp\/v2\/posts\/45117\/revisions"}],"wp:featuredmedia":[{"embeddable":true,"href":"https:\/\/www.anamt.org.br\/portal\/wp-json\/wp\/v2\/media\/37657"}],"wp:attachment":[{"href":"https:\/\/www.anamt.org.br\/portal\/wp-json\/wp\/v2\/media?parent=45117"}],"wp:term":[{"taxonomy":"category","embeddable":true,"href":"https:\/\/www.anamt.org.br\/portal\/wp-json\/wp\/v2\/categories?post=45117"},{"taxonomy":"post_tag","embeddable":true,"href":"https:\/\/www.anamt.org.br\/portal\/wp-json\/wp\/v2\/tags?post=45117"}],"curies":[{"name":"wp","href":"https:\/\/api.w.org\/{rel}","templated":true}]}}