{"id":45111,"date":"2022-08-24T14:21:36","date_gmt":"2022-08-24T17:21:36","guid":{"rendered":"https:\/\/www.anamt.org.br\/portal\/?p=45111"},"modified":"2022-09-07T16:41:50","modified_gmt":"2022-09-07T19:41:50","slug":"eleicoes-anamt-acompanhe-aqui-as-principais-informacoes-sobre-o-processo","status":"publish","type":"post","link":"https:\/\/www.anamt.org.br\/portal\/2022\/08\/24\/eleicoes-anamt-acompanhe-aqui-as-principais-informacoes-sobre-o-processo\/","title":{"rendered":"Elei\u00e7\u00f5es ANAMT: acompanhe aqui as principais informa\u00e7\u00f5es sobre o processo"},"content":{"rendered":"<p>No dia 9 de outubro de 2022, a ANAMT realizar\u00e1 a elei\u00e7\u00e3o para Diretoria Executiva e Conselho Fiscal da entidade para o tri\u00eanio 2023\/2026, <strong>exclusivamente de forma eletr\u00f4nica<\/strong>. Para participar do pleito, os associados adimplentes da Associa\u00e7\u00e3o <strong>receber\u00e3o as orienta\u00e7\u00f5es, al\u00e9m de login e senha que dar\u00e3o acesso ao sistema exclusivo para vota\u00e7\u00e3o<\/strong>.<\/p>\n<p>Para tanto, devem estar com os dados cadastrais em dia, principalmente telefone e e-mail, meio pelo qual receber\u00e3o a <strong>c\u00e9dula eletr\u00f4nica de vota\u00e7\u00e3o<\/strong>. A atualiza\u00e7\u00e3o deve ser feita na <a href=\"https:\/\/www.anamt.org.br\/portal\/painel-do-associado\/\" target=\"_blank\" rel=\"noopener\">\u00c1rea de Associado<\/a>\u00a0atrav\u00e9s dos passos abaixo:<\/p>\n<p>1) Acesse a <a href=\"https:\/\/www.anamt.org.br\/portal\/painel-do-associado\/\" target=\"_blank\" rel=\"noopener\">\u00c1rea de Associado<\/a>;<br \/>\n2) Informe seu CPF e Senha de acesso;<br \/>\n3) Clica no link \u201cAlterar dados\u201d;<br \/>\n4) Atualize os dados e clique no bot\u00e3o \u201cSalvar\u201d.<\/p>\n<p>Observa\u00e7\u00e3o: O acesso a \u00c1rea do Associado \u00e9 permitido apenas para associados adimplentes.<\/p>\n<p>Confira a seguir as principais informa\u00e7\u00f5es e documentos j\u00e1 divulgados sobre o processo eleitoral:<\/p>\n<p>Acesse abaixo os principais documentos:<\/p>\n<p><a href=\"https:\/\/www.anamt.org.br\/portal\/wp-content\/uploads\/2022\/07\/ANAMT-Regimento-Interno-do-Processo-Eleitoral-Aprovado-pelo-Conselho-Deliberativo-1.pdf\" target=\"_blank\" rel=\"noopener\">Regimento interno do processo eleitoral da ANAMT<\/a><\/p>\n<p><a href=\"https:\/\/www.anamt.org.br\/portal\/wp-content\/uploads\/2022\/07\/CALENDARIO-ELEITORAL-2022.pdf\" target=\"_blank\" rel=\"noopener\">Calend\u00e1rio Eleitoral 2022<\/a><\/p>\n<p><a href=\"https:\/\/sistemasanamt.org.br\/anamt\/site\/documentos\/edital-de-convocacao-eleicao-anamt-01072022.pdf\" target=\"_blank\" rel=\"noopener\">Edital de Convoca\u00e7\u00e3o \u2013 Processo Eleitoral<\/a><\/p>\n<p><a href=\"https:\/\/www.anamt.org.br\/portal\/wp-content\/uploads\/2022\/08\/ANAMT-Comiss%C3%A3o-Eleitoral-Orienta%C3%A7%C3%B5es-sobre-o-per%C3%ADodo-de-campanha-eleitoral.pdf\" target=\"_blank\" rel=\"noopener\">Orienta\u00e7\u00f5es acerca do per\u00edodo de campanha eleitoral<\/a><\/p>\n<p>Parecer Final da Comiss\u00e3o Eleitoral \u2013 <a href=\"https:\/\/www.anamt.org.br\/portal\/wp-content\/uploads\/2022\/07\/PARECER_FINAL_HOMOLOGA%C3%87%C3%83O_Conselho-Fiscal-2023-2026-PUBLICA%C3%87%C3%83O_V2.pdf\" target=\"_blank\" rel=\"noopener\">Cargos do Conselho Fiscal<\/a> e Cargos da <a href=\"https:\/\/www.anamt.org.br\/portal\/wp-content\/uploads\/2022\/08\/PARECER_FINAL_HOMOLOGA%C3%87%C3%83O_DIRETORIA-2023-2026-PUBLICA%C3%87%C3%83O_ass.pdf\" target=\"_blank\" rel=\"noopener\">Diretoria Executiva da ANAMT<\/a><\/p>\n<p>Confira abaixo as mat\u00e9rias sobre as elei\u00e7\u00f5es:<\/p>\n<p><a href=\"https:\/\/www.anamt.org.br\/portal\/2022\/07\/04\/anamt-divulga-edital-de-convocacao-do-processo-eleitoral-da-diretoria-2023-2026\/\" target=\"_blank\" rel=\"noopener\">ANAMT divulga edital de convoca\u00e7\u00e3o do processo eleitoral<\/a><\/p>\n<p><a href=\"https:\/\/www.anamt.org.br\/portal\/2022\/07\/04\/eleicoes-prazo-para-inscricao-das-chapas-segue-ate-7-de-julho\/\" target=\"_blank\" rel=\"noopener\">Elei\u00e7\u00f5es: prazo para inscri\u00e7\u00e3o das chapas segue at\u00e9 7 de julho<\/a><\/p>\n","protected":false},"excerpt":{"rendered":"<p>No dia 9 de outubro de 2022, a ANAMT realizar\u00e1 a elei\u00e7\u00e3o para Diretoria Executiva e Conselho Fiscal da entidade para o tri\u00eanio 2023\/2026, exclusivamente de forma eletr\u00f4nica. Para participar do pleito, os associados adimplentes da Associa\u00e7\u00e3o receber\u00e3o as orienta\u00e7\u00f5es, al\u00e9m de login e senha que dar\u00e3o acesso ao sistema exclusivo para vota\u00e7\u00e3o. Para tanto, [&hellip;]<\/p>\n","protected":false},"author":1,"featured_media":45779,"comment_status":"closed","ping_status":"closed","sticky":false,"template":"","format":"standard","meta":{"footnotes":""},"categories":[77],"tags":[],"_links":{"self":[{"href":"https:\/\/www.anamt.org.br\/portal\/wp-json\/wp\/v2\/posts\/45111"}],"collection":[{"href":"https:\/\/www.anamt.org.br\/portal\/wp-json\/wp\/v2\/posts"}],"about":[{"href":"https:\/\/www.anamt.org.br\/portal\/wp-json\/wp\/v2\/types\/post"}],"author":[{"embeddable":true,"href":"https:\/\/www.anamt.org.br\/portal\/wp-json\/wp\/v2\/users\/1"}],"replies":[{"embeddable":true,"href":"https:\/\/www.anamt.org.br\/portal\/wp-json\/wp\/v2\/comments?post=45111"}],"version-history":[{"count":1,"href":"https:\/\/www.anamt.org.br\/portal\/wp-json\/wp\/v2\/posts\/45111\/revisions"}],"predecessor-version":[{"id":45773,"href":"https:\/\/www.anamt.org.br\/portal\/wp-json\/wp\/v2\/posts\/45111\/revisions\/45773"}],"wp:featuredmedia":[{"embeddable":true,"href":"https:\/\/www.anamt.org.br\/portal\/wp-json\/wp\/v2\/media\/45779"}],"wp:attachment":[{"href":"https:\/\/www.anamt.org.br\/portal\/wp-json\/wp\/v2\/media?parent=45111"}],"wp:term":[{"taxonomy":"category","embeddable":true,"href":"https:\/\/www.anamt.org.br\/portal\/wp-json\/wp\/v2\/categories?post=45111"},{"taxonomy":"post_tag","embeddable":true,"href":"https:\/\/www.anamt.org.br\/portal\/wp-json\/wp\/v2\/tags?post=45111"}],"curies":[{"name":"wp","href":"https:\/\/api.w.org\/{rel}","templated":true}]}}