{"id":45081,"date":"2022-07-27T17:05:22","date_gmt":"2022-07-27T20:05:22","guid":{"rendered":"https:\/\/www.anamt.org.br\/portal\/?p=45081"},"modified":"2022-07-27T17:27:35","modified_gmt":"2022-07-27T20:27:35","slug":"publicadas-portarias-que-instituem-os-gtts-das-nrs-gerais-da-nr-18-e-da-futura-nr-sobre-limpeza-urbana","status":"publish","type":"post","link":"https:\/\/www.anamt.org.br\/portal\/2022\/07\/27\/publicadas-portarias-que-instituem-os-gtts-das-nrs-gerais-da-nr-18-e-da-futura-nr-sobre-limpeza-urbana\/","title":{"rendered":"Publicadas portarias que instituem os GTTs das NRs Gerais, da NR-18 e da futura NR sobre Limpeza Urbana"},"content":{"rendered":"<p>Foram publicadas hoje, dia 27 de julho, no Di\u00e1rio Oficial da Uni\u00e3o, pelo Minist\u00e9rio do Trabalho e Previd\u00eancia e a Secretaria de Trabalho, as Portarias <a href=\"https:\/\/www.in.gov.br\/en\/web\/dou\/-\/portaria-strab\/mtp-n-2.094-de-25-de-julho-de-2022-418039520\" target=\"_blank\" rel=\"noopener\">STRAB\/MTP N\u00ba 2.094<\/a>\u00a0e <a href=\"https:\/\/www.in.gov.br\/en\/web\/dou\/-\/portaria-strab\/mtp-n-2.095-de-25-de-julho-de-2022-418049603\" target=\"_blank\" rel=\"noopener\">STRAB\/MTP N\u00ba 2.095<\/a>\u00a0que instituem no \u00e2mbito da CTPP (Comiss\u00e3o Tripartite Parit\u00e1ria Permanente), os GTTs (Grupos de Trabalhos Tripartites) que ir\u00e3o acompanhar a implanta\u00e7\u00e3o nas empresas de algumas NRs (Normas Regulamentadoras).<\/p>\n<p>A Portaria STRAB\/MTP N\u00ba 2.094 institui o Grupo de Trabalho de acompanhamento da implementa\u00e7\u00e3o das NRs n\u00ba 01 (Disposi\u00e7\u00f5es Gerais e Gerenciamento de Riscos Ocupacionais), 04 (Servi\u00e7os Especializados em Engenharia de Seguran\u00e7a e em Medicina do Trabalho), 05 (Comiss\u00e3o Interna de Preven\u00e7\u00e3o de Acidentes), 07 (Programa de Controle M\u00e9dico de Sa\u00fade Ocupacional), 09 (Avalia\u00e7\u00e3o e Controle das Exposi\u00e7\u00f5es Ocupacionais a Agente F\u00edsicos, Qu\u00edmicos e Biol\u00f3gicos) e 17 (Ergonomia). Este grupo ser\u00e1 chamado de GTT das NRs Gerais.<\/p>\n<p>J\u00e1 a Portaria STRAB\/MTP N\u00ba 2.095 institui o Grupo de Trabalho de acompanhamento da implementa\u00e7\u00e3o da NR n\u00ba 18, que aborda as condi\u00e7\u00f5es de Seguran\u00e7a e Sa\u00fade no Trabalho na Ind\u00fastria da Constru\u00e7\u00e3o.<\/p>\n<p>Nova Norma<\/p>\n<p>Tamb\u00e9m nesta quarta-feira, 27 de julho, foi publicada no Di\u00e1rio Oficial da Uni\u00e3o, pelo Minist\u00e9rio do Trabalho e Previd\u00eancia e a Secretaria de Trabalho, a <a href=\"https:\/\/www.in.gov.br\/en\/web\/dou\/-\/portaria-strab\/mtp-n-2.096-de-25-de-julho-de-2022-418049682\" target=\"_blank\" rel=\"noopener\">Portaria STRAB\/MTP N\u00ba 2.096<\/a>\u00a0que define o GTT (Grupo de Trabalho Tripartite) que ir\u00e1 se dedicar \u00e0 elabora\u00e7\u00e3o da nova Norma Regulamentadora sobre Limpeza Urbana e que apresentar\u00e1 \u00e0 CTPP a proposta final de reda\u00e7\u00e3o.<\/p>\n<p>As tr\u00eas portarias entram em vigor na data de suas publica\u00e7\u00f5es e foram assinadas pelo membro titular e presidente, representante do Minist\u00e9rio do Trabalho e Previd\u00eancia, junto \u00e0 Comiss\u00e3o Tripartite Parit\u00e1ria Permanente, Mauro Rodrigues de Souza.<\/p>\n<p><em>Fonte: Revista Prote\u00e7\u00e3o<\/em><\/p>\n","protected":false},"excerpt":{"rendered":"<p>Foram publicadas hoje, dia 27 de julho, no Di\u00e1rio Oficial da Uni\u00e3o, pelo Minist\u00e9rio do Trabalho e Previd\u00eancia e a Secretaria de Trabalho, as Portarias STRAB\/MTP N\u00ba 2.094\u00a0e STRAB\/MTP N\u00ba 2.095\u00a0que instituem no \u00e2mbito da CTPP (Comiss\u00e3o Tripartite Parit\u00e1ria Permanente), os GTTs (Grupos de Trabalhos Tripartites) que ir\u00e3o acompanhar a implanta\u00e7\u00e3o nas empresas de algumas [&hellip;]<\/p>\n","protected":false},"author":1,"featured_media":33512,"comment_status":"closed","ping_status":"closed","sticky":false,"template":"","format":"standard","meta":{"footnotes":""},"categories":[79],"tags":[],"_links":{"self":[{"href":"https:\/\/www.anamt.org.br\/portal\/wp-json\/wp\/v2\/posts\/45081"}],"collection":[{"href":"https:\/\/www.anamt.org.br\/portal\/wp-json\/wp\/v2\/posts"}],"about":[{"href":"https:\/\/www.anamt.org.br\/portal\/wp-json\/wp\/v2\/types\/post"}],"author":[{"embeddable":true,"href":"https:\/\/www.anamt.org.br\/portal\/wp-json\/wp\/v2\/users\/1"}],"replies":[{"embeddable":true,"href":"https:\/\/www.anamt.org.br\/portal\/wp-json\/wp\/v2\/comments?post=45081"}],"version-history":[{"count":0,"href":"https:\/\/www.anamt.org.br\/portal\/wp-json\/wp\/v2\/posts\/45081\/revisions"}],"wp:featuredmedia":[{"embeddable":true,"href":"https:\/\/www.anamt.org.br\/portal\/wp-json\/wp\/v2\/media\/33512"}],"wp:attachment":[{"href":"https:\/\/www.anamt.org.br\/portal\/wp-json\/wp\/v2\/media?parent=45081"}],"wp:term":[{"taxonomy":"category","embeddable":true,"href":"https:\/\/www.anamt.org.br\/portal\/wp-json\/wp\/v2\/categories?post=45081"},{"taxonomy":"post_tag","embeddable":true,"href":"https:\/\/www.anamt.org.br\/portal\/wp-json\/wp\/v2\/tags?post=45081"}],"curies":[{"name":"wp","href":"https:\/\/api.w.org\/{rel}","templated":true}]}}