{"id":45002,"date":"2022-06-30T11:43:29","date_gmt":"2022-06-30T14:43:29","guid":{"rendered":"https:\/\/www.anamt.org.br\/portal\/?p=45002"},"modified":"2022-09-04T17:25:14","modified_gmt":"2022-09-04T20:25:14","slug":"nova-edicao-do-podcast-anamt-aborda-radiacoes-nao-ionizantes","status":"publish","type":"post","link":"https:\/\/www.anamt.org.br\/portal\/2022\/06\/30\/nova-edicao-do-podcast-anamt-aborda-radiacoes-nao-ionizantes\/","title":{"rendered":"Nova edi\u00e7\u00e3o do Podcast ANAMT aborda radia\u00e7\u00f5es n\u00e3o ionizantes"},"content":{"rendered":"<p>Entende-se aquela radia\u00e7\u00e3o que n\u00e3o possui energia suficiente para ionizar el\u00e9trons de \u00e1tomos ou mol\u00e9culas. Pode apresentar-se em forma de onda eletromagn\u00e9tica, constitu\u00edda de campo el\u00e9trico e campo magn\u00e9tico oscilantes, perpendiculares entre si e que se propagam no v\u00e1cuo com a velocidade da luz.<br \/>\n<iframe style=\"border-radius: 12px;\" src=\"https:\/\/open.spotify.com\/embed\/episode\/1pqXXA5LFIjckSWen0U1Qs?utm_source=generator\" width=\"100%\" height=\"232\" frameborder=\"0\" allowfullscreen=\"allowfullscreen\"><\/iframe><\/p>\n<p>Os podcasts da Anamt tamb\u00e9m podem ser ouvidos gratuitamente na distribuidora Anchor e em outras plataformas, sem a requisi\u00e7\u00e3o do download de aplicativo ou cria\u00e7\u00e3o de uma conta para acesso. Confira as op\u00e7\u00f5es <a href=\"https:\/\/anchor.fm\/podcast-anamt\" target=\"_blank\" rel=\"noopener\">aqui<\/a>.<\/p>\n<p>O texto desta edi\u00e7\u00e3o est\u00e1 dispon\u00edvel <a href=\"https:\/\/www.anamt.org.br\/portal\/wp-content\/uploads\/2022\/06\/Podcast-67-Radia%C3%A7%C3%B5es-n%C3%A3o-ionizantes.pdf\" target=\"_blank\" rel=\"noopener\">aqui<\/a>.<\/p>\n","protected":false},"excerpt":{"rendered":"<p>Entende-se aquela radia\u00e7\u00e3o que n\u00e3o possui energia suficiente para ionizar el\u00e9trons de \u00e1tomos ou mol\u00e9culas. Pode apresentar-se em forma de onda eletromagn\u00e9tica, constitu\u00edda de campo el\u00e9trico e campo magn\u00e9tico oscilantes, perpendiculares entre si e que se propagam no v\u00e1cuo com a velocidade da luz. Os podcasts da Anamt tamb\u00e9m podem ser ouvidos gratuitamente na distribuidora [&hellip;]<\/p>\n","protected":false},"author":1,"featured_media":40491,"comment_status":"closed","ping_status":"closed","sticky":false,"template":"","format":"standard","meta":{"footnotes":""},"categories":[77,242],"tags":[],"_links":{"self":[{"href":"https:\/\/www.anamt.org.br\/portal\/wp-json\/wp\/v2\/posts\/45002"}],"collection":[{"href":"https:\/\/www.anamt.org.br\/portal\/wp-json\/wp\/v2\/posts"}],"about":[{"href":"https:\/\/www.anamt.org.br\/portal\/wp-json\/wp\/v2\/types\/post"}],"author":[{"embeddable":true,"href":"https:\/\/www.anamt.org.br\/portal\/wp-json\/wp\/v2\/users\/1"}],"replies":[{"embeddable":true,"href":"https:\/\/www.anamt.org.br\/portal\/wp-json\/wp\/v2\/comments?post=45002"}],"version-history":[{"count":1,"href":"https:\/\/www.anamt.org.br\/portal\/wp-json\/wp\/v2\/posts\/45002\/revisions"}],"predecessor-version":[{"id":45492,"href":"https:\/\/www.anamt.org.br\/portal\/wp-json\/wp\/v2\/posts\/45002\/revisions\/45492"}],"wp:featuredmedia":[{"embeddable":true,"href":"https:\/\/www.anamt.org.br\/portal\/wp-json\/wp\/v2\/media\/40491"}],"wp:attachment":[{"href":"https:\/\/www.anamt.org.br\/portal\/wp-json\/wp\/v2\/media?parent=45002"}],"wp:term":[{"taxonomy":"category","embeddable":true,"href":"https:\/\/www.anamt.org.br\/portal\/wp-json\/wp\/v2\/categories?post=45002"},{"taxonomy":"post_tag","embeddable":true,"href":"https:\/\/www.anamt.org.br\/portal\/wp-json\/wp\/v2\/tags?post=45002"}],"curies":[{"name":"wp","href":"https:\/\/api.w.org\/{rel}","templated":true}]}}