{"id":44231,"date":"2022-06-13T14:55:54","date_gmt":"2022-06-13T17:55:54","guid":{"rendered":"https:\/\/www.anamt.org.br\/portal\/?p=44231"},"modified":"2022-09-04T17:27:13","modified_gmt":"2022-09-04T20:27:13","slug":"podcast-anamt-aborda-combate-ao-resfriado-e-sua-importancia-no-ambiente-de-trabalho","status":"publish","type":"post","link":"https:\/\/www.anamt.org.br\/portal\/2022\/06\/13\/podcast-anamt-aborda-combate-ao-resfriado-e-sua-importancia-no-ambiente-de-trabalho\/","title":{"rendered":"Podcast ANAMT aborda Combate ao Resfriado e sua Import\u00e2ncia no Trabalho"},"content":{"rendered":"<p>Antes do per\u00edodo de pandemia (2019) a OMS trouxe um dado que dentre as doen\u00e7as que mais aparecem no ambiente de trabalho, a gripe, resfriados e influenza representa 10% a 12% do absente\u00edsmo por todas as causas, por at\u00e9 duas semanas. No Brasil, a Pesquisa nacional de sa\u00fade (2019) apresentou que os problemas respirat\u00f3rios representou 21% do absente\u00edsmo em segundo lugar, ficando atr\u00e1s de Problemas nos ossos e articula\u00e7\u00f5es (25.1%). Essa edi\u00e7\u00e3o foi patrocinada pela Vick.<\/p>\n<p><iframe style=\"border-radius: 12px;\" src=\"https:\/\/open.spotify.com\/embed\/episode\/3DQRnvLO2yWWLumDNi0Sjn?utm_source=generator&amp;theme=0\" width=\"100%\" height=\"232\" frameborder=\"0\" allowfullscreen=\"allowfullscreen\"><\/iframe><\/p>\n<p>Os podcasts da Anamt tamb\u00e9m podem ser ouvidos gratuitamente na distribuidora Anchor e em outras plataformas, sem a requisi\u00e7\u00e3o do download de aplicativo ou cria\u00e7\u00e3o de uma conta para acesso. Confira as op\u00e7\u00f5es <a href=\"https:\/\/anchor.fm\/podcast-anamt\" target=\"_blank\" rel=\"noopener\">aqui<\/a>.<\/p>\n<p>O texto desta edi\u00e7\u00e3o est\u00e1 dispon\u00edvel <a href=\"https:\/\/www.anamt.org.br\/portal\/wp-content\/uploads\/2022\/06\/Podcast-66-COVIDA-Vick-1.pdf\" target=\"_blank\" rel=\"noopener\">aqui<\/a>.<\/p>\n","protected":false},"excerpt":{"rendered":"<p>Antes do per\u00edodo de pandemia (2019) a OMS trouxe um dado que dentre as doen\u00e7as que mais aparecem no ambiente de trabalho, a gripe, resfriados e influenza representa 10% a 12% do absente\u00edsmo por todas as causas, por at\u00e9 duas semanas. No Brasil, a Pesquisa nacional de sa\u00fade (2019) apresentou que os problemas respirat\u00f3rios representou [&hellip;]<\/p>\n","protected":false},"author":1,"featured_media":40491,"comment_status":"closed","ping_status":"closed","sticky":false,"template":"","format":"standard","meta":{"footnotes":""},"categories":[77,242],"tags":[],"_links":{"self":[{"href":"https:\/\/www.anamt.org.br\/portal\/wp-json\/wp\/v2\/posts\/44231"}],"collection":[{"href":"https:\/\/www.anamt.org.br\/portal\/wp-json\/wp\/v2\/posts"}],"about":[{"href":"https:\/\/www.anamt.org.br\/portal\/wp-json\/wp\/v2\/types\/post"}],"author":[{"embeddable":true,"href":"https:\/\/www.anamt.org.br\/portal\/wp-json\/wp\/v2\/users\/1"}],"replies":[{"embeddable":true,"href":"https:\/\/www.anamt.org.br\/portal\/wp-json\/wp\/v2\/comments?post=44231"}],"version-history":[{"count":1,"href":"https:\/\/www.anamt.org.br\/portal\/wp-json\/wp\/v2\/posts\/44231\/revisions"}],"predecessor-version":[{"id":45493,"href":"https:\/\/www.anamt.org.br\/portal\/wp-json\/wp\/v2\/posts\/44231\/revisions\/45493"}],"wp:featuredmedia":[{"embeddable":true,"href":"https:\/\/www.anamt.org.br\/portal\/wp-json\/wp\/v2\/media\/40491"}],"wp:attachment":[{"href":"https:\/\/www.anamt.org.br\/portal\/wp-json\/wp\/v2\/media?parent=44231"}],"wp:term":[{"taxonomy":"category","embeddable":true,"href":"https:\/\/www.anamt.org.br\/portal\/wp-json\/wp\/v2\/categories?post=44231"},{"taxonomy":"post_tag","embeddable":true,"href":"https:\/\/www.anamt.org.br\/portal\/wp-json\/wp\/v2\/tags?post=44231"}],"curies":[{"name":"wp","href":"https:\/\/api.w.org\/{rel}","templated":true}]}}