{"id":44204,"date":"2022-06-03T10:22:31","date_gmt":"2022-06-03T13:22:31","guid":{"rendered":"https:\/\/www.anamt.org.br\/portal\/?p=44204"},"modified":"2022-09-04T17:27:13","modified_gmt":"2022-09-04T20:27:13","slug":"podcast-anamt-aborda-riscos-biologicos-em-hospitais","status":"publish","type":"post","link":"https:\/\/www.anamt.org.br\/portal\/2022\/06\/03\/podcast-anamt-aborda-riscos-biologicos-em-hospitais\/","title":{"rendered":"Nova edi\u00e7\u00e3o do Podcast ANAMT aborda riscos biol\u00f3gicos em hospitais"},"content":{"rendered":"<p>Dentro dos princ\u00edpios epidemiol\u00f3gicos, a quantifica\u00e7\u00e3o do risco sempre ocorre atrav\u00e9s de compara\u00e7\u00f5es entre popula\u00e7\u00f5es com diferentes graus de exposi\u00e7\u00e3o ao fator de estudo. Para o risco ser considerado de natureza ocupacional, entende-se que a exposi\u00e7\u00e3o e o adoecimento seja diferente entre a atividade de risco e a popula\u00e7\u00e3o em geral.<\/p>\n<p><iframe style=\"border-radius: 12px;\" src=\"https:\/\/open.spotify.com\/embed\/episode\/7AkqO06wiRD0XQCUvjbTXK?utm_source=generator\" width=\"100%\" height=\"232\" frameborder=\"0\" allowfullscreen=\"allowfullscreen\"><\/iframe><\/p>\n<p>Os podcasts da Anamt tamb\u00e9m podem ser ouvidos gratuitamente na distribuidora Anchor e em outras plataformas, sem a requisi\u00e7\u00e3o do download de aplicativo ou cria\u00e7\u00e3o de uma conta para acesso. Confira as op\u00e7\u00f5es <a href=\"https:\/\/anchor.fm\/podcast-anamt\" target=\"_blank\" rel=\"noopener\">aqui<\/a>.<\/p>\n<p>O texto desta edi\u00e7\u00e3o est\u00e1 dispon\u00edvel <a href=\"https:\/\/www.anamt.org.br\/portal\/wp-content\/uploads\/2022\/06\/Podcast-64-Riscos-biol%C3%B3gicos-em-hospitais.pdf\" target=\"_blank\" rel=\"noopener\">aqui<\/a>.<\/p>\n","protected":false},"excerpt":{"rendered":"<p>Dentro dos princ\u00edpios epidemiol\u00f3gicos, a quantifica\u00e7\u00e3o do risco sempre ocorre atrav\u00e9s de compara\u00e7\u00f5es entre popula\u00e7\u00f5es com diferentes graus de exposi\u00e7\u00e3o ao fator de estudo. Para o risco ser considerado de natureza ocupacional, entende-se que a exposi\u00e7\u00e3o e o adoecimento seja diferente entre a atividade de risco e a popula\u00e7\u00e3o em geral. Os podcasts da Anamt [&hellip;]<\/p>\n","protected":false},"author":1,"featured_media":40491,"comment_status":"closed","ping_status":"closed","sticky":false,"template":"","format":"standard","meta":{"footnotes":""},"categories":[77,242],"tags":[],"_links":{"self":[{"href":"https:\/\/www.anamt.org.br\/portal\/wp-json\/wp\/v2\/posts\/44204"}],"collection":[{"href":"https:\/\/www.anamt.org.br\/portal\/wp-json\/wp\/v2\/posts"}],"about":[{"href":"https:\/\/www.anamt.org.br\/portal\/wp-json\/wp\/v2\/types\/post"}],"author":[{"embeddable":true,"href":"https:\/\/www.anamt.org.br\/portal\/wp-json\/wp\/v2\/users\/1"}],"replies":[{"embeddable":true,"href":"https:\/\/www.anamt.org.br\/portal\/wp-json\/wp\/v2\/comments?post=44204"}],"version-history":[{"count":1,"href":"https:\/\/www.anamt.org.br\/portal\/wp-json\/wp\/v2\/posts\/44204\/revisions"}],"predecessor-version":[{"id":45494,"href":"https:\/\/www.anamt.org.br\/portal\/wp-json\/wp\/v2\/posts\/44204\/revisions\/45494"}],"wp:featuredmedia":[{"embeddable":true,"href":"https:\/\/www.anamt.org.br\/portal\/wp-json\/wp\/v2\/media\/40491"}],"wp:attachment":[{"href":"https:\/\/www.anamt.org.br\/portal\/wp-json\/wp\/v2\/media?parent=44204"}],"wp:term":[{"taxonomy":"category","embeddable":true,"href":"https:\/\/www.anamt.org.br\/portal\/wp-json\/wp\/v2\/categories?post=44204"},{"taxonomy":"post_tag","embeddable":true,"href":"https:\/\/www.anamt.org.br\/portal\/wp-json\/wp\/v2\/tags?post=44204"}],"curies":[{"name":"wp","href":"https:\/\/api.w.org\/{rel}","templated":true}]}}