{"id":44194,"date":"2022-05-26T08:36:55","date_gmt":"2022-05-26T11:36:55","guid":{"rendered":"https:\/\/www.anamt.org.br\/portal\/?p=44194"},"modified":"2022-05-26T09:15:48","modified_gmt":"2022-05-26T12:15:48","slug":"anamt-e-cfm-debatem-criacao-de-roteiro-e-topicos-para-fiscalizacao-de-clinicas-e-sesmts","status":"publish","type":"post","link":"https:\/\/www.anamt.org.br\/portal\/2022\/05\/26\/anamt-e-cfm-debatem-criacao-de-roteiro-e-topicos-para-fiscalizacao-de-clinicas-e-sesmts\/","title":{"rendered":"ANAMT e CFM debatem t\u00f3picos para fiscaliza\u00e7\u00e3o de cl\u00ednicas e SESMTs"},"content":{"rendered":"<p><img decoding=\"async\" class=\"aligncenter size-full wp-image-44196\" src=\"https:\/\/www.anamt.org.br\/portal\/wp-content\/uploads\/2022\/05\/Captura-de-tela-2022-05-24-112843.jpg\" alt=\"\" width=\"550\" height=\"312\" srcset=\"https:\/\/www.anamt.org.br\/portal\/wp-content\/uploads\/2022\/05\/Captura-de-tela-2022-05-24-112843-200x113.jpg 200w, https:\/\/www.anamt.org.br\/portal\/wp-content\/uploads\/2022\/05\/Captura-de-tela-2022-05-24-112843-300x170.jpg 300w, https:\/\/www.anamt.org.br\/portal\/wp-content\/uploads\/2022\/05\/Captura-de-tela-2022-05-24-112843-400x227.jpg 400w, https:\/\/www.anamt.org.br\/portal\/wp-content\/uploads\/2022\/05\/Captura-de-tela-2022-05-24-112843.jpg 550w\" sizes=\"(max-width: 550px) 100vw, 550px\" \/><\/p>\n<p>No dia 24 de maio, foi realizada uma reuni\u00e3o de diretores da ANAMT com o Departamento de Fiscaliza\u00e7\u00e3o do Conselho Federal de Medicina (CFM). Na ocasi\u00e3o, foi debatida a cria\u00e7\u00e3o de um roteiro espec\u00edfico para a Medicina do Trabalho e foram abordados t\u00f3picos essenciais para fiscaliza\u00e7\u00e3o de cl\u00ednicas e SESMTs.<\/p>\n<p>Participaram da reuni\u00e3o a vice-presidente da regi\u00e3o Sudeste da ANAMT, Dra. Simone Veiga, o vice-presidente da regi\u00e3o Nordeste da ANAMT, Dr. Pascoal Gomes, e a presidente da ANAMT e 2\u00aa vice-presidente do CFM, Dra. Rosylane Rocha, que ressaltou que a constru\u00e7\u00e3o abordada ser\u00e1 um marco para a especialidade.\u00a0O 3\u00ba vice-presidente do Conselho, Dr. Emmanuel Fortes, falou sobre a necessidade de desenvolver um roteiro que oportunize a boa pr\u00e1tica da Medicina do Trabalho e a seguran\u00e7a do ato m\u00e9dico.<\/p>\n<p>Ainda estiveram no encontro o 2\u00ba tesoureiro do Conselho e m\u00e9dico do trabalho, Dr. Carlos Dalapicola, o chefe do departamento de Fiscaliza\u00e7\u00e3o do CRMDF e m\u00e9dico do trabalho, Dr. Leonel Rossetti, e os m\u00e9dicos fiscais Dr. Mario Osanai (RS) e Dra. Lu\u00edsa (AL).<\/p>\n","protected":false},"excerpt":{"rendered":"<p>No dia 24 de maio, foi realizada uma reuni\u00e3o de diretores da ANAMT com o Departamento de Fiscaliza\u00e7\u00e3o do Conselho Federal de Medicina (CFM). Na ocasi\u00e3o, foi debatida a cria\u00e7\u00e3o de um roteiro espec\u00edfico para a Medicina do Trabalho e foram abordados t\u00f3picos essenciais para fiscaliza\u00e7\u00e3o de cl\u00ednicas e SESMTs. Participaram da reuni\u00e3o a vice-presidente [&hellip;]<\/p>\n","protected":false},"author":1,"featured_media":44195,"comment_status":"closed","ping_status":"closed","sticky":false,"template":"","format":"standard","meta":{"footnotes":""},"categories":[77],"tags":[],"_links":{"self":[{"href":"https:\/\/www.anamt.org.br\/portal\/wp-json\/wp\/v2\/posts\/44194"}],"collection":[{"href":"https:\/\/www.anamt.org.br\/portal\/wp-json\/wp\/v2\/posts"}],"about":[{"href":"https:\/\/www.anamt.org.br\/portal\/wp-json\/wp\/v2\/types\/post"}],"author":[{"embeddable":true,"href":"https:\/\/www.anamt.org.br\/portal\/wp-json\/wp\/v2\/users\/1"}],"replies":[{"embeddable":true,"href":"https:\/\/www.anamt.org.br\/portal\/wp-json\/wp\/v2\/comments?post=44194"}],"version-history":[{"count":0,"href":"https:\/\/www.anamt.org.br\/portal\/wp-json\/wp\/v2\/posts\/44194\/revisions"}],"wp:featuredmedia":[{"embeddable":true,"href":"https:\/\/www.anamt.org.br\/portal\/wp-json\/wp\/v2\/media\/44195"}],"wp:attachment":[{"href":"https:\/\/www.anamt.org.br\/portal\/wp-json\/wp\/v2\/media?parent=44194"}],"wp:term":[{"taxonomy":"category","embeddable":true,"href":"https:\/\/www.anamt.org.br\/portal\/wp-json\/wp\/v2\/categories?post=44194"},{"taxonomy":"post_tag","embeddable":true,"href":"https:\/\/www.anamt.org.br\/portal\/wp-json\/wp\/v2\/tags?post=44194"}],"curies":[{"name":"wp","href":"https:\/\/api.w.org\/{rel}","templated":true}]}}