{"id":44166,"date":"2022-05-13T09:36:03","date_gmt":"2022-05-13T12:36:03","guid":{"rendered":"https:\/\/www.anamt.org.br\/portal\/?p=44166"},"modified":"2022-05-13T09:42:08","modified_gmt":"2022-05-13T12:42:08","slug":"comissao-aprova-proposta-que-preve-locais-adequados-para-repouso-de-profissionais-da-saude-na-pandemia","status":"publish","type":"post","link":"https:\/\/www.anamt.org.br\/portal\/2022\/05\/13\/comissao-aprova-proposta-que-preve-locais-adequados-para-repouso-de-profissionais-da-saude-na-pandemia\/","title":{"rendered":"Comiss\u00e3o aprova proposta sobre locais de repouso de profissionais da sa\u00fade na pandemia"},"content":{"rendered":"<p>A Comiss\u00e3o de Seguridade Social e Fam\u00edlia da C\u00e2mara dos Deputados aprovou o Projeto de Lei 2130\/20, que obriga os servi\u00e7os de sa\u00fade a oferecer locais adequados para repouso, no intervalo dos plant\u00f5es, dos profissionais envolvidos no combate \u00e0 pandemia do novo coronav\u00edrus.<\/p>\n<p>O texto foi aprovado na forma de substitutivo elaborado pela relatora, deputada Carmen Zanotto (Cidadania-SC), com ajustes no original. \u201cA proposta emendava a Lei 13.979\/20, que perdeu a vig\u00eancia, ainda que alguns dos dispositivos tenham sido mantidos pelo Supremo Tribunal Federal\u201d, explicou a relatora.<\/p>\n<p>Aquela lei definia medidas para enfrentamento da emerg\u00eancia de sa\u00fade p\u00fablica de import\u00e2ncia internacional em raz\u00e3o da Covid-19. Ao apresentar a proposta, o ex-deputado Dr. Sinval Malheiros (SP) defendeu a medida como necess\u00e1ria, j\u00e1 que os profissionais de sa\u00fade precisam se recompor antes de voltar ao plant\u00e3o.<\/p>\n<p>Tramita\u00e7\u00e3o<\/p>\n<p>O projeto tramita em car\u00e1ter conclusivo e ainda ser\u00e1 analisado pela Comiss\u00e3o de Constitui\u00e7\u00e3o e Justi\u00e7a e de Cidadania.<\/p>\n<p><em>Fonte: Ag\u00eancia C\u00e2mara<\/em><\/p>\n","protected":false},"excerpt":{"rendered":"<p>A Comiss\u00e3o de Seguridade Social e Fam\u00edlia da C\u00e2mara dos Deputados aprovou o Projeto de Lei 2130\/20, que obriga os servi\u00e7os de sa\u00fade a oferecer locais adequados para repouso, no intervalo dos plant\u00f5es, dos profissionais envolvidos no combate \u00e0 pandemia do novo coronav\u00edrus. O texto foi aprovado na forma de substitutivo elaborado pela relatora, deputada [&hellip;]<\/p>\n","protected":false},"author":1,"featured_media":40343,"comment_status":"closed","ping_status":"closed","sticky":false,"template":"","format":"standard","meta":{"footnotes":""},"categories":[79],"tags":[],"_links":{"self":[{"href":"https:\/\/www.anamt.org.br\/portal\/wp-json\/wp\/v2\/posts\/44166"}],"collection":[{"href":"https:\/\/www.anamt.org.br\/portal\/wp-json\/wp\/v2\/posts"}],"about":[{"href":"https:\/\/www.anamt.org.br\/portal\/wp-json\/wp\/v2\/types\/post"}],"author":[{"embeddable":true,"href":"https:\/\/www.anamt.org.br\/portal\/wp-json\/wp\/v2\/users\/1"}],"replies":[{"embeddable":true,"href":"https:\/\/www.anamt.org.br\/portal\/wp-json\/wp\/v2\/comments?post=44166"}],"version-history":[{"count":0,"href":"https:\/\/www.anamt.org.br\/portal\/wp-json\/wp\/v2\/posts\/44166\/revisions"}],"wp:featuredmedia":[{"embeddable":true,"href":"https:\/\/www.anamt.org.br\/portal\/wp-json\/wp\/v2\/media\/40343"}],"wp:attachment":[{"href":"https:\/\/www.anamt.org.br\/portal\/wp-json\/wp\/v2\/media?parent=44166"}],"wp:term":[{"taxonomy":"category","embeddable":true,"href":"https:\/\/www.anamt.org.br\/portal\/wp-json\/wp\/v2\/categories?post=44166"},{"taxonomy":"post_tag","embeddable":true,"href":"https:\/\/www.anamt.org.br\/portal\/wp-json\/wp\/v2\/tags?post=44166"}],"curies":[{"name":"wp","href":"https:\/\/api.w.org\/{rel}","templated":true}]}}