{"id":44124,"date":"2022-05-08T15:22:40","date_gmt":"2022-05-08T18:22:40","guid":{"rendered":"https:\/\/www.anamt.org.br\/portal\/?p=44124"},"modified":"2022-05-09T14:35:24","modified_gmt":"2022-05-09T17:35:24","slug":"combate-ao-avanco-do-virus-do-resfriado-e-sua-importancia-no-ambiente-de-trabalho-inscreva-se","status":"publish","type":"post","link":"https:\/\/www.anamt.org.br\/portal\/2022\/05\/08\/combate-ao-avanco-do-virus-do-resfriado-e-sua-importancia-no-ambiente-de-trabalho-inscreva-se\/","title":{"rendered":"Webin\u00e1rio sobre combate ao resfriado e sua import\u00e2ncia no ambiente de trabalho"},"content":{"rendered":"<p>A nova edi\u00e7\u00e3o do Webin\u00e1rio da ANAMT ser\u00e1 realizada em parceria com a Vick, no dia 10 de maio (ter\u00e7a-feira), \u00e0s 20h. O tema abordado ser\u00e1 o \u2018Combate ao avan\u00e7o do v\u00edrus do resfriado e sua import\u00e2ncia no ambiente de trabalho.\u2019 Dois m\u00e9dicos especialistas foram convidados para o evento &#8211; Dr. Fernando Akio Mariya e Dra. Andr\u00e9ia Sapienza. O encontro contar\u00e1 com a apresenta\u00e7\u00e3o do Diretor Cient\u00edfico da ANAMT, Dr. Francisco Cortes Fernandes, e ser\u00e1 transmitido ao vivo pela plataforma ANAMT Virtual.<\/p>\n<p><a href=\"https:\/\/docs.google.com\/forms\/d\/e\/1FAIpQLSdKMoeJxgMZmlqRKdu3A2v9Ez3Prbz1GVR-uyLSCZ84Xn2UKg\/viewform?usp=send_form\" target=\"_blank\" rel=\"noopener\">Clique aqui para se inscrever.\u00a0<\/a><\/p>\n<p><img decoding=\"async\" class=\"aligncenter size-600 wp-image-44149\" src=\"https:\/\/www.anamt.org.br\/portal\/wp-content\/uploads\/2022\/05\/FACEBOOK_ANAMT_2022_W17-1-1-600x600.png\" alt=\"\" width=\"600\" height=\"600\" srcset=\"https:\/\/www.anamt.org.br\/portal\/wp-content\/uploads\/2022\/05\/FACEBOOK_ANAMT_2022_W17-1-1-66x66.png 66w, https:\/\/www.anamt.org.br\/portal\/wp-content\/uploads\/2022\/05\/FACEBOOK_ANAMT_2022_W17-1-1-150x150.png 150w, https:\/\/www.anamt.org.br\/portal\/wp-content\/uploads\/2022\/05\/FACEBOOK_ANAMT_2022_W17-1-1-200x200.png 200w, https:\/\/www.anamt.org.br\/portal\/wp-content\/uploads\/2022\/05\/FACEBOOK_ANAMT_2022_W17-1-1-300x300.png 300w, https:\/\/www.anamt.org.br\/portal\/wp-content\/uploads\/2022\/05\/FACEBOOK_ANAMT_2022_W17-1-1-400x400.png 400w, https:\/\/www.anamt.org.br\/portal\/wp-content\/uploads\/2022\/05\/FACEBOOK_ANAMT_2022_W17-1-1-600x600.png 600w, https:\/\/www.anamt.org.br\/portal\/wp-content\/uploads\/2022\/05\/FACEBOOK_ANAMT_2022_W17-1-1-768x768.png 768w, https:\/\/www.anamt.org.br\/portal\/wp-content\/uploads\/2022\/05\/FACEBOOK_ANAMT_2022_W17-1-1-800x800.png 800w, https:\/\/www.anamt.org.br\/portal\/wp-content\/uploads\/2022\/05\/FACEBOOK_ANAMT_2022_W17-1-1-1024x1024.png 1024w, https:\/\/www.anamt.org.br\/portal\/wp-content\/uploads\/2022\/05\/FACEBOOK_ANAMT_2022_W17-1-1.png 1080w\" sizes=\"(max-width: 600px) 100vw, 600px\" \/><\/p>\n<p>&nbsp;<\/p>\n<p>Saiba mais sobre os palestrantes:<\/p>\n<p>Dr. Fernando Akio Mariya \u00e9 gerente M\u00e9dico S\u00eanior da P&amp;G e Coordenador do m\u00f3dulo de Gest\u00e3o em Sa\u00fade do Trabalhador do Curso de Especializa\u00e7\u00e3o em Medicina do Trabalho da USP. Akio \u00e9 m\u00e9dico graduado pela Universidade Federal de S\u00e3o Paulo (UNIFESP), p\u00f3s-graduado em Medicina do Trabalho pela Universidade de S\u00e3o Paulo (USP) e especialista em Medicina do Trabalho pela ANAMT.<\/p>\n<p>Dra Andr\u00e9ia Sapienza \u00e9 Diretora M\u00e9dica Brazil e de Governan\u00e7a M\u00e9dica e Conformidade LATAM na P&amp;G Health. Ela \u00e9 graduada pela Faculdade de Medicina da Universidade de S\u00e3o Paulo (USP), especialista em Ginecologia e Obstetr\u00edcia tamb\u00e9m pela USP, titulada pela Federa\u00e7\u00e3o Brasileira de Ginecologia e Obstetr\u00edcia (Febrasgo) e p\u00f3s-graduada em Pesquisa Cl\u00ednica pela Harvard Medical School.<\/p>\n","protected":false},"excerpt":{"rendered":"<p>A nova edi\u00e7\u00e3o do Webin\u00e1rio da ANAMT ser\u00e1 realizada em parceria com a Vick, no dia 10 de maio (ter\u00e7a-feira), \u00e0s 20h. O tema abordado ser\u00e1 o \u2018Combate ao avan\u00e7o do v\u00edrus do resfriado e sua import\u00e2ncia no ambiente de trabalho.\u2019 Dois m\u00e9dicos especialistas foram convidados para o evento &#8211; Dr. Fernando Akio Mariya e [&hellip;]<\/p>\n","protected":false},"author":1,"featured_media":40227,"comment_status":"closed","ping_status":"closed","sticky":false,"template":"","format":"standard","meta":{"footnotes":""},"categories":[77],"tags":[],"_links":{"self":[{"href":"https:\/\/www.anamt.org.br\/portal\/wp-json\/wp\/v2\/posts\/44124"}],"collection":[{"href":"https:\/\/www.anamt.org.br\/portal\/wp-json\/wp\/v2\/posts"}],"about":[{"href":"https:\/\/www.anamt.org.br\/portal\/wp-json\/wp\/v2\/types\/post"}],"author":[{"embeddable":true,"href":"https:\/\/www.anamt.org.br\/portal\/wp-json\/wp\/v2\/users\/1"}],"replies":[{"embeddable":true,"href":"https:\/\/www.anamt.org.br\/portal\/wp-json\/wp\/v2\/comments?post=44124"}],"version-history":[{"count":0,"href":"https:\/\/www.anamt.org.br\/portal\/wp-json\/wp\/v2\/posts\/44124\/revisions"}],"wp:featuredmedia":[{"embeddable":true,"href":"https:\/\/www.anamt.org.br\/portal\/wp-json\/wp\/v2\/media\/40227"}],"wp:attachment":[{"href":"https:\/\/www.anamt.org.br\/portal\/wp-json\/wp\/v2\/media?parent=44124"}],"wp:term":[{"taxonomy":"category","embeddable":true,"href":"https:\/\/www.anamt.org.br\/portal\/wp-json\/wp\/v2\/categories?post=44124"},{"taxonomy":"post_tag","embeddable":true,"href":"https:\/\/www.anamt.org.br\/portal\/wp-json\/wp\/v2\/tags?post=44124"}],"curies":[{"name":"wp","href":"https:\/\/api.w.org\/{rel}","templated":true}]}}