{"id":44120,"date":"2022-05-03T08:45:57","date_gmt":"2022-05-03T11:45:57","guid":{"rendered":"https:\/\/www.anamt.org.br\/portal\/?p=44120"},"modified":"2022-05-03T08:46:44","modified_gmt":"2022-05-03T11:46:44","slug":"ministerio-da-saude-recomenda-segunda-dose-de-reforco-contra-a-covid-19-para-idosos-acima-de-70-anos","status":"publish","type":"post","link":"https:\/\/www.anamt.org.br\/portal\/2022\/05\/03\/ministerio-da-saude-recomenda-segunda-dose-de-reforco-contra-a-covid-19-para-idosos-acima-de-70-anos\/","title":{"rendered":"Minist\u00e9rio da Sa\u00fade recomenda 2\u00aa dose de refor\u00e7o para idosos acima de 70 anos"},"content":{"rendered":"<p>O Minist\u00e9rio da Sa\u00fade publicou nesta segunda-feira (2) uma <a href=\"https:\/\/www.gov.br\/saude\/pt-br\/coronavirus\/vacinas\/plano-nacional-de-operacionalizacao-da-vacina-contra-a-covid-19\/notas-tecnicas\/2022\/nt-28_2022.pdf\" target=\"_blank\" rel=\"noopener\">Nota T\u00e9cnica<\/a>\u00a0que recomenda a aplica\u00e7\u00e3o de uma segunda dose de refor\u00e7o contra a Covid-19 para idosos acima de 70 anos. A recomenda\u00e7\u00e3o \u00e9 indicada tamb\u00e9m para pessoas acima de 60 anos que vivem em institui\u00e7\u00f5es permanentes.<\/p>\n<p>Segundo a orienta\u00e7\u00e3o da pasta, deve ser utilizado, preferencialmente, o imunizante da Pfizer quatro meses ap\u00f3s a aplica\u00e7\u00e3o da primeira dose de refor\u00e7o. De maneira alternativa, podem ser usadas as vacinas da Janssen ou AstraZeneca, independentemente da dose utilizada anteriormente.<\/p>\n<p>At\u00e9 ent\u00e3o, a segunda dose de refor\u00e7o era recomendada apenas para idosos acima de 80 anos. Estudos mostraram que essa estrat\u00e9gia aumenta em mais de cinco vezes a imunidade uma semana ap\u00f3s a aplica\u00e7\u00e3o. Com a nova recomenda\u00e7\u00e3o, esta etapa da campanha passa a ter p\u00fablico-alvo de pouco mais de 14 milh\u00f5es de brasileiros.<\/p>\n<p>Para que a log\u00edstica de vacina\u00e7\u00e3o aconte\u00e7a, estados e munic\u00edpios devem seguir a nova orienta\u00e7\u00e3o de acordo com a disponibilidade de doses. Para isso, devem ser priorizadas as faixas et\u00e1rias mais avan\u00e7adas, com 90 anos de idade ou mais, seguida de 80 a 89 anos e assim sucessivamente, at\u00e9 que todos os idosos sejam contemplados com o segundo refor\u00e7o.<\/p>\n<p><em>Fonte: Minist\u00e9rio da Sa\u00fade<\/em><\/p>\n","protected":false},"excerpt":{"rendered":"<p>O Minist\u00e9rio da Sa\u00fade publicou nesta segunda-feira (2) uma Nota T\u00e9cnica\u00a0que recomenda a aplica\u00e7\u00e3o de uma segunda dose de refor\u00e7o contra a Covid-19 para idosos acima de 70 anos. A recomenda\u00e7\u00e3o \u00e9 indicada tamb\u00e9m para pessoas acima de 60 anos que vivem em institui\u00e7\u00f5es permanentes. Segundo a orienta\u00e7\u00e3o da pasta, deve ser utilizado, preferencialmente, o [&hellip;]<\/p>\n","protected":false},"author":1,"featured_media":39933,"comment_status":"closed","ping_status":"closed","sticky":false,"template":"","format":"standard","meta":{"footnotes":""},"categories":[229],"tags":[],"_links":{"self":[{"href":"https:\/\/www.anamt.org.br\/portal\/wp-json\/wp\/v2\/posts\/44120"}],"collection":[{"href":"https:\/\/www.anamt.org.br\/portal\/wp-json\/wp\/v2\/posts"}],"about":[{"href":"https:\/\/www.anamt.org.br\/portal\/wp-json\/wp\/v2\/types\/post"}],"author":[{"embeddable":true,"href":"https:\/\/www.anamt.org.br\/portal\/wp-json\/wp\/v2\/users\/1"}],"replies":[{"embeddable":true,"href":"https:\/\/www.anamt.org.br\/portal\/wp-json\/wp\/v2\/comments?post=44120"}],"version-history":[{"count":0,"href":"https:\/\/www.anamt.org.br\/portal\/wp-json\/wp\/v2\/posts\/44120\/revisions"}],"wp:featuredmedia":[{"embeddable":true,"href":"https:\/\/www.anamt.org.br\/portal\/wp-json\/wp\/v2\/media\/39933"}],"wp:attachment":[{"href":"https:\/\/www.anamt.org.br\/portal\/wp-json\/wp\/v2\/media?parent=44120"}],"wp:term":[{"taxonomy":"category","embeddable":true,"href":"https:\/\/www.anamt.org.br\/portal\/wp-json\/wp\/v2\/categories?post=44120"},{"taxonomy":"post_tag","embeddable":true,"href":"https:\/\/www.anamt.org.br\/portal\/wp-json\/wp\/v2\/tags?post=44120"}],"curies":[{"name":"wp","href":"https:\/\/api.w.org\/{rel}","templated":true}]}}