{"id":44111,"date":"2022-05-02T10:58:36","date_gmt":"2022-05-02T13:58:36","guid":{"rendered":"https:\/\/www.anamt.org.br\/portal\/?p=44111"},"modified":"2022-05-02T10:58:36","modified_gmt":"2022-05-02T13:58:36","slug":"xlix-prova-de-titulo-de-especialista-confira-o-resultado-do-exame","status":"publish","type":"post","link":"https:\/\/www.anamt.org.br\/portal\/2022\/05\/02\/xlix-prova-de-titulo-de-especialista-confira-o-resultado-do-exame\/","title":{"rendered":"XLIX Prova de T\u00edtulo de Especialista: confira o resultado do exame"},"content":{"rendered":"<p><img decoding=\"async\" class=\"aligncenter size-600 wp-image-44112\" src=\"https:\/\/www.anamt.org.br\/portal\/wp-content\/uploads\/2022\/05\/WhatsApp-Image-2022-05-01-at-09.39.14-600x295.jpeg\" alt=\"\" width=\"600\" height=\"295\" srcset=\"https:\/\/www.anamt.org.br\/portal\/wp-content\/uploads\/2022\/05\/WhatsApp-Image-2022-05-01-at-09.39.14-200x98.jpeg 200w, https:\/\/www.anamt.org.br\/portal\/wp-content\/uploads\/2022\/05\/WhatsApp-Image-2022-05-01-at-09.39.14-300x147.jpeg 300w, https:\/\/www.anamt.org.br\/portal\/wp-content\/uploads\/2022\/05\/WhatsApp-Image-2022-05-01-at-09.39.14-400x196.jpeg 400w, https:\/\/www.anamt.org.br\/portal\/wp-content\/uploads\/2022\/05\/WhatsApp-Image-2022-05-01-at-09.39.14-600x295.jpeg 600w, https:\/\/www.anamt.org.br\/portal\/wp-content\/uploads\/2022\/05\/WhatsApp-Image-2022-05-01-at-09.39.14-768x377.jpeg 768w, https:\/\/www.anamt.org.br\/portal\/wp-content\/uploads\/2022\/05\/WhatsApp-Image-2022-05-01-at-09.39.14-800x393.jpeg 800w, https:\/\/www.anamt.org.br\/portal\/wp-content\/uploads\/2022\/05\/WhatsApp-Image-2022-05-01-at-09.39.14-1024x503.jpeg 1024w, https:\/\/www.anamt.org.br\/portal\/wp-content\/uploads\/2022\/05\/WhatsApp-Image-2022-05-01-at-09.39.14-1200x589.jpeg 1200w, https:\/\/www.anamt.org.br\/portal\/wp-content\/uploads\/2022\/05\/WhatsApp-Image-2022-05-01-at-09.39.14.jpeg 1592w\" sizes=\"(max-width: 600px) 100vw, 600px\" \/><\/p>\n<p>A ANAMT divulgou o resultado da XLIX Prova de T\u00edtulo de Especialista em Medicina do Trabalho, aplicada no dia 1\u00ba de maio, em Bras\u00edlia (DF). A rela\u00e7\u00e3o de aprovados pode ser conferida <a href=\"https:\/\/www.anamt.org.br\/portal\/titulo-de-especialista-em-medicina-do-trabalho\/editais-provas-e-resultados\/editais-provas-e-resultados-2015-a-2017\/\" target=\"_blank\" rel=\"noopener\"><strong>aqui<\/strong><\/a>.<\/p>\n","protected":false},"excerpt":{"rendered":"<p>A ANAMT divulgou o resultado da XLIX Prova de T\u00edtulo de Especialista em Medicina do Trabalho, aplicada no dia 1\u00ba de maio, em Bras\u00edlia (DF). A rela\u00e7\u00e3o de aprovados pode ser conferida aqui.<\/p>\n","protected":false},"author":1,"featured_media":44113,"comment_status":"closed","ping_status":"closed","sticky":false,"template":"","format":"standard","meta":{"footnotes":""},"categories":[77],"tags":[],"_links":{"self":[{"href":"https:\/\/www.anamt.org.br\/portal\/wp-json\/wp\/v2\/posts\/44111"}],"collection":[{"href":"https:\/\/www.anamt.org.br\/portal\/wp-json\/wp\/v2\/posts"}],"about":[{"href":"https:\/\/www.anamt.org.br\/portal\/wp-json\/wp\/v2\/types\/post"}],"author":[{"embeddable":true,"href":"https:\/\/www.anamt.org.br\/portal\/wp-json\/wp\/v2\/users\/1"}],"replies":[{"embeddable":true,"href":"https:\/\/www.anamt.org.br\/portal\/wp-json\/wp\/v2\/comments?post=44111"}],"version-history":[{"count":0,"href":"https:\/\/www.anamt.org.br\/portal\/wp-json\/wp\/v2\/posts\/44111\/revisions"}],"wp:featuredmedia":[{"embeddable":true,"href":"https:\/\/www.anamt.org.br\/portal\/wp-json\/wp\/v2\/media\/44113"}],"wp:attachment":[{"href":"https:\/\/www.anamt.org.br\/portal\/wp-json\/wp\/v2\/media?parent=44111"}],"wp:term":[{"taxonomy":"category","embeddable":true,"href":"https:\/\/www.anamt.org.br\/portal\/wp-json\/wp\/v2\/categories?post=44111"},{"taxonomy":"post_tag","embeddable":true,"href":"https:\/\/www.anamt.org.br\/portal\/wp-json\/wp\/v2\/tags?post=44111"}],"curies":[{"name":"wp","href":"https:\/\/api.w.org\/{rel}","templated":true}]}}