{"id":44080,"date":"2022-04-18T16:17:41","date_gmt":"2022-04-18T19:17:41","guid":{"rendered":"https:\/\/www.anamt.org.br\/portal\/?p=44080"},"modified":"2022-04-18T16:18:04","modified_gmt":"2022-04-18T19:18:04","slug":"rbso-traz-reflexoes-sobre-covid-19","status":"publish","type":"post","link":"https:\/\/www.anamt.org.br\/portal\/2022\/04\/18\/rbso-traz-reflexoes-sobre-covid-19\/","title":{"rendered":"Revista Brasileira de Sa\u00fade Ocupacional traz reflex\u00f5es sobre a Covid-19"},"content":{"rendered":"<p>O dossi\u00ea\u202fA Pandemia da Covid-19 e a Sa\u00fade do Trabalhador, da Revista Brasileira de Sa\u00fade Ocupacional (RBSO), traz tr\u00eas novos textos que refletem sobre o per\u00edodo pand\u00eamico: o editorial <a href=\"https:\/\/doi.org\/10.1590\/2317-6369ED0000121\" target=\"_blank\" rel=\"noopener\">COVID-19 como uma doen\u00e7a relacionada ao trabalho<\/a>, a carta <a href=\"https:\/\/doi.org\/10.1590\/2317-6369000018121\" target=\"_blank\" rel=\"noopener\">M\u00e3es acad\u00eamicas durante e ap\u00f3s a pandemia de COVID-19<\/a>\u00a0e o ensaio <a href=\"https:\/\/doi.org\/10.1590\/2317-6369000000221\" target=\"_blank\" rel=\"noopener\">Transmiss\u00e3o da COVID-19: um breve reexame das vias de transmiss\u00e3o por got\u00edculas e aeross\u00f3is<\/a>.<\/p>\n<p>O editorial, de autoria da pesquisadora da Fundacentro Maria Maeno, reflete sobre o cen\u00e1rio ap\u00f3s quase dois anos de pandemia, com enfoque no ambiente de trabalho. Quais atividades foram consideradas essenciais? Qual a rela\u00e7\u00e3o entre trabalho presencial, transporte coletivo e a exposi\u00e7\u00e3o \u00e0 Covid-19? A m\u00e9dica aponta algumas quest\u00f5es desses aspectos e defende o reconhecimento da Covid-19 como doen\u00e7a relacionada ao trabalho.<\/p>\n<p>\u201cAs caracter\u00edsticas de transmiss\u00e3o a\u00e9rea e por proximidade f\u00edsica do SARS-CoV-2, o car\u00e1ter comunit\u00e1rio da doen\u00e7a e a peremptoriedade das atividades de trabalho para a sobreviv\u00eancia ou manuten\u00e7\u00e3o dos empregos foram aspectos centrais levantados para que se advogue pelo reconhecimento da COVID-19 como uma doen\u00e7a relacionada ao trabalho, com fundamenta\u00e7\u00e3o nos conceitos, dentre outros, de maior risco de exposi\u00e7\u00e3o e aplica\u00e7\u00e3o do princ\u00edpio da invers\u00e3o do \u00f4nus da prova\u201d, afirma no editorial.<\/p>\n<p>J\u00e1 a carta, dos pesquisadores da Universidade Federal do Rio Grande do Sul (UFRGS), J\u00fania Aparecida Laia da Mata e Sayed Abdul Basir Samimi, destaca como a pandemia afetou as mulheres que passaram a compartilhar o lar e toda a din\u00e2mica familiar com o ambiente de trabalho. No caso das m\u00e3es acad\u00eamicas, essa situa\u00e7\u00e3o pode afetar significativamente carreiras e produtividade.<\/p>\n<p>\u201cAs situa\u00e7\u00f5es sociais desencadeadas pela pandemia t\u00eam se materializado nas m\u00e3es acad\u00eamicas, que lutam para conciliar o trabalho formal com as responsabilidades do trabalho de cuidado n\u00e3o remunerado, correndo o risco de vivenciarem sofrimento ps\u00edquico, culpa, exaust\u00e3o e queda na produtividade\u201d, alertam os autores. Eles defendem a ado\u00e7\u00e3o de pol\u00edticas que contemplem essas m\u00e3es e a\u00e7\u00f5es que abordem quest\u00f5es de diversidade e g\u00eanero no trabalho no meio acad\u00eamico.<\/p>\n<p>Por fim, o ensaio, da pesquisadora da Fundacentro \u00c9rica Lui Reinhardt, busca subsidiar programas para a prote\u00e7\u00e3o de trabalhadores e pacientes em servi\u00e7os de sa\u00fade referentes \u00e0 Covid-19 e a outras doen\u00e7as infecciosas ao discutir a forma de transmiss\u00e3o por got\u00edculas e aeross\u00f3is, conceitos, medidas de controle e preven\u00e7\u00e3o. No caso da Covid-19, \u201cverifica-se que a transmiss\u00e3o da doen\u00e7a se d\u00e1 tanto pelo contato direto ou por got\u00edculas quanto pela transmiss\u00e3o a\u00e9rea especial\u201d.<\/p>\n<p>Para evitar ou minimizar a transmiss\u00e3o da Covid-19 em servi\u00e7os de sa\u00fade, a pesquisadora aponta a necessidade de adotar as precau\u00e7\u00f5es para got\u00edculas e demais recomenda\u00e7\u00f5es do Minist\u00e9rio da Sa\u00fade, al\u00e9m de algumas medidas adicionais. Entre elas, \u201cenquanto houver transmiss\u00e3o comunit\u00e1ria, todos os profissionais de sa\u00fade devem utilizar m\u00e1scara cir\u00fargica ajustada ao rosto, no m\u00ednimo, e prote\u00e7\u00e3o ocular durante o atendimento a todos os pacientes; e, para os atendimentos a casos suspeitos ou confirmados de COVID-19, protetores respirat\u00f3rios PFF2 ou N95 em conjunto com a prote\u00e7\u00e3o ocular, mesmo em procedimentos que n\u00e3o geram aeross\u00f3is\u201d. Tamb\u00e9m \u00e9 necess\u00e1rio \u201cexplorar meios para melhorar a qualidade do ar interior, em conjunto com a engenharia, incluindo otimizar sistemas de ventila\u00e7\u00e3o.<\/p>\n<p><em>Fonte: Fundacentro<\/em><\/p>\n","protected":false},"excerpt":{"rendered":"<p>O dossi\u00ea\u202fA Pandemia da Covid-19 e a Sa\u00fade do Trabalhador, da Revista Brasileira de Sa\u00fade Ocupacional (RBSO), traz tr\u00eas novos textos que refletem sobre o per\u00edodo pand\u00eamico: o editorial COVID-19 como uma doen\u00e7a relacionada ao trabalho, a carta M\u00e3es acad\u00eamicas durante e ap\u00f3s a pandemia de COVID-19\u00a0e o ensaio Transmiss\u00e3o da COVID-19: um breve reexame [&hellip;]<\/p>\n","protected":false},"author":1,"featured_media":39913,"comment_status":"closed","ping_status":"closed","sticky":false,"template":"","format":"standard","meta":{"footnotes":""},"categories":[80],"tags":[],"_links":{"self":[{"href":"https:\/\/www.anamt.org.br\/portal\/wp-json\/wp\/v2\/posts\/44080"}],"collection":[{"href":"https:\/\/www.anamt.org.br\/portal\/wp-json\/wp\/v2\/posts"}],"about":[{"href":"https:\/\/www.anamt.org.br\/portal\/wp-json\/wp\/v2\/types\/post"}],"author":[{"embeddable":true,"href":"https:\/\/www.anamt.org.br\/portal\/wp-json\/wp\/v2\/users\/1"}],"replies":[{"embeddable":true,"href":"https:\/\/www.anamt.org.br\/portal\/wp-json\/wp\/v2\/comments?post=44080"}],"version-history":[{"count":0,"href":"https:\/\/www.anamt.org.br\/portal\/wp-json\/wp\/v2\/posts\/44080\/revisions"}],"wp:featuredmedia":[{"embeddable":true,"href":"https:\/\/www.anamt.org.br\/portal\/wp-json\/wp\/v2\/media\/39913"}],"wp:attachment":[{"href":"https:\/\/www.anamt.org.br\/portal\/wp-json\/wp\/v2\/media?parent=44080"}],"wp:term":[{"taxonomy":"category","embeddable":true,"href":"https:\/\/www.anamt.org.br\/portal\/wp-json\/wp\/v2\/categories?post=44080"},{"taxonomy":"post_tag","embeddable":true,"href":"https:\/\/www.anamt.org.br\/portal\/wp-json\/wp\/v2\/tags?post=44080"}],"curies":[{"name":"wp","href":"https:\/\/api.w.org\/{rel}","templated":true}]}}