{"id":44073,"date":"2022-04-12T16:45:08","date_gmt":"2022-04-12T19:45:08","guid":{"rendered":"https:\/\/www.anamt.org.br\/portal\/?p=44073"},"modified":"2022-04-12T16:45:08","modified_gmt":"2022-04-12T19:45:08","slug":"ministerio-lanca-campanha-para-prevencao-de-acidentes-no-trabalho","status":"publish","type":"post","link":"https:\/\/www.anamt.org.br\/portal\/2022\/04\/12\/ministerio-lanca-campanha-para-prevencao-de-acidentes-no-trabalho\/","title":{"rendered":"Minist\u00e9rio lan\u00e7a campanha para preven\u00e7\u00e3o de acidentes no trabalho"},"content":{"rendered":"<p>O Minist\u00e9rio do Trabalho e Previd\u00eancia lan\u00e7ou hoje (12) a Campanha Nacional de Preven\u00e7\u00e3o de Acidentes do Trabalho (Canpat). Promovida pela Subsecretaria de Inspe\u00e7\u00e3o do Trabalho (SIT) em parceria com outros \u00f3rg\u00e3os e institui\u00e7\u00f5es, a iniciativa \u00e9 realizada desde 1971, com o objetivo de estimular a ado\u00e7\u00e3o de pr\u00e1ticas que resultem na redu\u00e7\u00e3o do n\u00famero de acidentes laborais<\/p>\n<p>At\u00e9 dezembro, a campanha promove atividades direcionadas para preven\u00e7\u00e3o e redu\u00e7\u00e3o de acidentes de trabalho. Em outubro, como parte da campanha nacional, ser\u00e1 realizado o Dia Nacional da Seguran\u00e7a nas Escolas.<\/p>\n<p>\u201cA Canpat tem um cronograma base. De abril at\u00e9 dezembro, fazemos semin\u00e1rios, palestras, debates, divulgamos v\u00eddeos e publica\u00e7\u00f5es relacionados \u00e0 seguran\u00e7a no trabalho. E entre abril e setembro, intensificamos as opera\u00e7\u00f5es de fiscaliza\u00e7\u00e3o\u201d, informou o auditor-fiscal do Trabalho, Jos\u00e9 Almeida J\u00fanior, gestor da campanha na subsecretaria.<\/p>\n<p>Este ano, a a\u00e7\u00e3o tem como tema Gest\u00e3o de Riscos Ocupacionais: identificar perigos, avaliar riscos, prevenir acidentes e doen\u00e7as no trabalho. Segundo o subsecret\u00e1rio de Inspe\u00e7\u00e3o do Trabalho do minist\u00e9rio, R\u00f4mulo Machado, o mote foi escolhido a fim de transmitir a no\u00e7\u00e3o de que todos podem contribuir para agir preventivamente e tentar evitar acidentes.<\/p>\n<p>Lan\u00e7amento<br \/>\n\u201cAno ap\u00f3s ano, temos conseguido reduzir a taxa de acidentes do trabalho no pa\u00eds, o que n\u00e3o significa que j\u00e1 tenhamos um cen\u00e1rio \u00f3timo\u201d, disse Machado, durante a cerim\u00f4nia de lan\u00e7amento da campanha, realizada de forma remota e transmitida pelo canal da Escola Nacional de Inspe\u00e7\u00e3o do Trabalho.<\/p>\n<p>Ao proferir palestra sobre o gerenciamento de riscos ocupacionais, o auditor-fiscal do Trabalho, Luiz Carlos Lumbreras Rocha, disse que os acidentes continuam sendo uma chaga.<\/p>\n<p>&#8220;Nossa taxa de incid\u00eancia, ou seja, o n\u00famero de acidentes divididos por mil trabalhadores, vem caindo desde a d\u00e9cada de 70. Mas a queda j\u00e1 foi mais acentuada &#8211; da mesma forma que a taxa de mortalidade \u2013 e queremos fazer mais\u201d, disse Rocha, destacando a exist\u00eancia de estudos que apontaram que cada d\u00f3lar investido em seguran\u00e7a no trabalho resulta na economia de US$ 3 a US$ 5.<\/p>\n<p>\u201cO que o empregador e as institui\u00e7\u00f5es investem em preven\u00e7\u00e3o de acidentes laborais n\u00e3o \u00e9 gasto. \u00c9 investimento\u201d, afirmou a ministra do Tribunal Superior do Trabalho (TST) e coordenadora Nacional do Programa Trabalho Seguro da Corte, Dela\u00edde Miranda Arantes.<\/p>\n<p>\u201cHouve progressos na preven\u00e7\u00e3o nas \u00faltimas d\u00e9cadas, mas ainda temos, no Brasil, n\u00fameros muito preocupantes de acidentes e doen\u00e7as, mesmo que o conhecimento acumulado pelos especialistas indiquem que a maioria dos acidentes s\u00e3o previs\u00edveis e, portanto, pass\u00edveis de preven\u00e7\u00e3o.\u201d<\/p>\n<p>A\u00e7\u00f5es<\/p>\n<p>O secret\u00e1rio de Trabalho do minist\u00e9rio, Lu\u00eds Felipe Batista de Oliveira, destacou que os investimentos em a\u00e7\u00f5es de preventivas resultariam em benef\u00edcios para toda a sociedade.<\/p>\n<p>\u201cAcidentes e doen\u00e7as representam vidas perdidas, mutila\u00e7\u00f5es, incapacita\u00e7\u00f5es, sofrimento e custos para todos. Os ambientes seguros e saud\u00e1veis propiciam ganhos para todos. Os empregadores ganham com o aumento da competitividade, a redu\u00e7\u00e3o do absente\u00edsmo e dos dias parados. Os trabalhadores, com um aumento da satisfa\u00e7\u00e3o com o trabalho e com a redu\u00e7\u00e3o dos riscos e das despesas com medicamentos e hospitais. O governo ganha com a redu\u00e7\u00e3o de vidas perdidas e das despesas com pens\u00f5es e com atendimentos m\u00e9dicos. Al\u00e9m do aumento da competitividade\u201d, afirmou.<\/p>\n<p><em>Fonte: Ag\u00eancia Brasil<\/em><\/p>\n","protected":false},"excerpt":{"rendered":"<p>O Minist\u00e9rio do Trabalho e Previd\u00eancia lan\u00e7ou hoje (12) a Campanha Nacional de Preven\u00e7\u00e3o de Acidentes do Trabalho (Canpat). Promovida pela Subsecretaria de Inspe\u00e7\u00e3o do Trabalho (SIT) em parceria com outros \u00f3rg\u00e3os e institui\u00e7\u00f5es, a iniciativa \u00e9 realizada desde 1971, com o objetivo de estimular a ado\u00e7\u00e3o de pr\u00e1ticas que resultem na redu\u00e7\u00e3o do n\u00famero [&hellip;]<\/p>\n","protected":false},"author":1,"featured_media":31643,"comment_status":"closed","ping_status":"closed","sticky":false,"template":"","format":"standard","meta":{"footnotes":""},"categories":[80],"tags":[],"_links":{"self":[{"href":"https:\/\/www.anamt.org.br\/portal\/wp-json\/wp\/v2\/posts\/44073"}],"collection":[{"href":"https:\/\/www.anamt.org.br\/portal\/wp-json\/wp\/v2\/posts"}],"about":[{"href":"https:\/\/www.anamt.org.br\/portal\/wp-json\/wp\/v2\/types\/post"}],"author":[{"embeddable":true,"href":"https:\/\/www.anamt.org.br\/portal\/wp-json\/wp\/v2\/users\/1"}],"replies":[{"embeddable":true,"href":"https:\/\/www.anamt.org.br\/portal\/wp-json\/wp\/v2\/comments?post=44073"}],"version-history":[{"count":0,"href":"https:\/\/www.anamt.org.br\/portal\/wp-json\/wp\/v2\/posts\/44073\/revisions"}],"wp:featuredmedia":[{"embeddable":true,"href":"https:\/\/www.anamt.org.br\/portal\/wp-json\/wp\/v2\/media\/31643"}],"wp:attachment":[{"href":"https:\/\/www.anamt.org.br\/portal\/wp-json\/wp\/v2\/media?parent=44073"}],"wp:term":[{"taxonomy":"category","embeddable":true,"href":"https:\/\/www.anamt.org.br\/portal\/wp-json\/wp\/v2\/categories?post=44073"},{"taxonomy":"post_tag","embeddable":true,"href":"https:\/\/www.anamt.org.br\/portal\/wp-json\/wp\/v2\/tags?post=44073"}],"curies":[{"name":"wp","href":"https:\/\/api.w.org\/{rel}","templated":true}]}}